{"id":15902,"date":"2023-12-06T17:00:45","date_gmt":"2023-12-06T23:00:45","guid":{"rendered":"https:\/\/fge.oaxaca.gob.mx\/?post_type=noticias&amp;p=5532"},"modified":"2023-12-06T17:00:45","modified_gmt":"2023-12-06T23:00:45","slug":"boletin-506-en-prision-y-vinculado-a-proceso-imputado-por-feminicidio-cometido-en-cuicatlan-fiscalia-de-oaxaca","status":"publish","type":"noticias","link":"https:\/\/portal.fgeo.gob.mx\/index.php\/archivos\/noticias\/boletin-506-en-prision-y-vinculado-a-proceso-imputado-por-feminicidio-cometido-en-cuicatlan-fiscalia-de-oaxaca","title":{"rendered":"BOLET\u00cdN 506-En prisi\u00f3n y vinculado a proceso, imputado por feminicidio  cometido en Cuicatl\u00e1n: Fiscal\u00eda de Oaxaca"},"content":{"rendered":"<p><strong>Oaxaca de Ju\u00e1rez, Oax., a 6 de diciembre de 2023.- <\/strong>La aplicaci\u00f3n de protocolos en delitos contra las mujeres y la perspectiva de g\u00e9nero que aplica la Fiscal\u00eda General del Estado de Oaxaca (FGEO), hicieron posible la obtenci\u00f3n de prisi\u00f3n y vinculaci\u00f3n a proceso en contra de E. L. L., imputado por el delito de Feminicidio Agravado, cometido en la regi\u00f3n de la Sierra de Flores Mag\u00f3n.<\/p>\n<p>El expediente penal del caso precisa que, el 26 de noviembre de 2023, la v\u00edctima, una mujer identificada por las iniciales C. C. P., se encontraba al interior de un establecimiento ubicado sobre la Carretera Federal 135, en el paraje Valencia, perteneciente al municipio de San Juan Bautista Cuicatl\u00e1n.<\/p>\n<p>En el lugar, se encontr\u00f3 con una persona, con quien sostuvo una discusi\u00f3n derivada de la cual, el agresor atac\u00f3 con un arma de fuego a la v\u00edctima (C.C.P.), resultando con lesiones graves que propiciaron su muerte.<\/p>\n<p>Elementos de la Polic\u00eda Municipal intervinieron de manera oportuna, por lo que lograron la detenci\u00f3n en flagrancia de E. L. L., quien fue presentado ante la autoridad ministerial perteneciente a la FGEO, por lo que se inici\u00f3 una exhaustiva investigaci\u00f3n a cargo de la Vicefiscal\u00eda General de Control Regional.<\/p>\n<p>Luego de presentar las pruebas emanadas de las indagatorias, el Juez que atiende la causa dict\u00f3 auto de vinculaci\u00f3n a proceso en contra del imputado, adem\u00e1s que impuso prisi\u00f3n preventiva para E. L. L., y otorg\u00f3 tres meses para el cierre de la investigaci\u00f3n complementaria.<\/p>\n<p>La actuaci\u00f3n inmediata de las corporaciones encargadas de la procuraci\u00f3n de justicia y seguridad ciudadana, es fundamental para las investigaciones que encabeza la Fiscal\u00eda General del Estado de Oaxaca, principalmente en casos de delitos cometidos contra mujeres.<\/p>\n<p><img fetchpriority=\"high\" decoding=\"async\" class=\"alignnone size-medium wp-image-5533\" src=\"https:\/\/portal.fgeo.gob.mx\/wp-content\/uploads\/2023\/12\/BOLET%C3%8DN-506-En-prisi%C3%B3n-y-vinculado-a-proceso-imputado-por-feminicidio-cometido-en-Cuicatl%C3%A1n-Fiscal%C3%ADa-de-Oaxaca_page-0001-232x300.jpg\" alt=\"\" width=\"232\" height=\"300\" \/><\/p>\n","protected":false},"author":2,"featured_media":5497,"comment_status":"closed","ping_status":"closed","template":"","tags":[],"categoria_noticias":[],"class_list":["post-15902","noticias","type-noticias","status-publish","has-post-thumbnail","hentry"],"acf":[],"mb":[],"mfb_rest_fields":["title","gutenberg_elementor_mode"],"_links":{"self":[{"href":"https:\/\/portal.fgeo.gob.mx\/index.php\/wp-json\/wp\/v2\/noticias\/15902","targetHints":{"allow":["GET"]}}],"collection":[{"href":"https:\/\/portal.fgeo.gob.mx\/index.php\/wp-json\/wp\/v2\/noticias"}],"about":[{"href":"https:\/\/portal.fgeo.gob.mx\/index.php\/wp-json\/wp\/v2\/types\/noticias"}],"author":[{"embeddable":true,"href":"https:\/\/portal.fgeo.gob.mx\/index.php\/wp-json\/wp\/v2\/users\/2"}],"replies":[{"embeddable":true,"href":"https:\/\/portal.fgeo.gob.mx\/index.php\/wp-json\/wp\/v2\/comments?post=15902"}],"wp:featuredmedia":[{"embeddable":true,"href":"https:\/\/portal.fgeo.gob.mx\/index.php\/wp-json\/"}],"wp:attachment":[{"href":"https:\/\/portal.fgeo.gob.mx\/index.php\/wp-json\/wp\/v2\/media?parent=15902"}],"wp:term":[{"taxonomy":"post_tag","embeddable":true,"href":"https:\/\/portal.fgeo.gob.mx\/index.php\/wp-json\/wp\/v2\/tags?post=15902"},{"taxonomy":"categoria_noticias","embeddable":true,"href":"https:\/\/portal.fgeo.gob.mx\/index.php\/wp-json\/wp\/v2\/categoria_noticias?post=15902"}],"curies":[{"name":"wp","href":"https:\/\/api.w.org\/{rel}","templated":true}]}}