{"id":15899,"date":"2023-12-05T14:56:50","date_gmt":"2023-12-05T20:56:50","guid":{"rendered":"https:\/\/fge.oaxaca.gob.mx\/?post_type=noticias&amp;p=5519"},"modified":"2023-12-05T14:56:50","modified_gmt":"2023-12-05T20:56:50","slug":"obtiene-fgeo-vinculacion-a-proceso-por-abuso-sexual-agravado","status":"publish","type":"noticias","link":"https:\/\/portal.fgeo.gob.mx\/index.php\/archivos\/noticias\/obtiene-fgeo-vinculacion-a-proceso-por-abuso-sexual-agravado","title":{"rendered":"Obtiene FGEO vinculaci\u00f3n a proceso por abuso sexual agravado"},"content":{"rendered":"<p>&nbsp;<\/p>\n<p><strong>\u00a0<img decoding=\"async\" class=\"alignnone size-medium wp-image-5497\" src=\"https:\/\/portal.fgeo.gob.mx\/wp-content\/uploads\/2023\/12\/FGO-INFORMA-300x150.jpeg\" alt=\"\" width=\"300\" height=\"150\" \/><\/strong><\/p>\n<p><strong>\u00a0<\/strong><\/p>\n<p><strong>\u00a0<\/strong><\/p>\n<p><strong>Oaxaca de Ju\u00e1rez, Oax., a 5 de diciembre de 2023.- <\/strong>Como parte de las acciones de procuraci\u00f3n de justicia con perspectiva de g\u00e9nero, la Fiscal\u00eda General del Estado de Oaxaca (FGEO) obtuvo auto de vinculaci\u00f3n a proceso en contra de J. A. V. P., por el delito de Abuso Sexual Agravado, cometido en la regi\u00f3n de la Costa.<\/p>\n<p>&nbsp;<\/p>\n<p>De acuerdo con las investigaciones, los hechos ocurrieron el pasado 27 de noviembre de 2023, cuando la v\u00edctima viajaba, sobre carretera federal n\u00famero 200, a bordo de una unidad del transporte p\u00fablico con direcci\u00f3n a Santa Mar\u00eda Huatulco, cuando el agresor se le aproxim\u00f3 y realiz\u00f3 tocamientos, por lo que la mujer solicit\u00f3 ayuda.<\/p>\n<p>&nbsp;<\/p>\n<p><img fetchpriority=\"high\" decoding=\"async\" class=\"alignnone size-medium wp-image-5520\" src=\"https:\/\/portal.fgeo.gob.mx\/wp-content\/uploads\/2023\/12\/BOLET%C3%8DN-503-Obtiene-FGEO-vinculaci%C3%B3n-a-proceso-por-abuso-sexual-agravado_page-0001-232x300.jpg\" alt=\"\" width=\"232\" height=\"300\" \/><\/p>\n<p>&nbsp;<\/p>\n<p>Ante la solicitud de auxilio, el chofer de la unidad se detuvo y contribuy\u00f3 en la retenci\u00f3n del probable agresor, quien fue entregado a la Polic\u00eda municipal, corporaci\u00f3n que, puso a disposici\u00f3n del Ministerio P\u00fablico a J.A.V.P.<\/p>\n<p>&nbsp;<\/p>\n<p>Al momento en que la FGEO tuvo conocimiento del caso, las indagatorias corrieron a cargo de la Vicefiscal\u00eda Regional de la Costa, la cual present\u00f3 ante el Juez al imputado, quien dict\u00f3 auto de vinculaci\u00f3n a proceso y otorg\u00f3 un plazo de tres meses para el cierre de investigaci\u00f3n complementaria.<\/p>\n<p>&nbsp;<\/p>\n<p>En temas vinculados con cualquier tipo de violencia sexual, la Fiscal\u00eda de Oaxaca echa mano de \u00e1reas especializadas en investigar los delitos de g\u00e9nero, con el objetivo de que las mujeres puedan acceder a una vida libre de violencia en todos los espacios de sus vidas.<\/p>\n","protected":false},"author":2,"featured_media":5497,"comment_status":"closed","ping_status":"closed","template":"","tags":[],"categoria_noticias":[],"class_list":["post-15899","noticias","type-noticias","status-publish","has-post-thumbnail","hentry"],"acf":[],"mb":[],"mfb_rest_fields":["title","gutenberg_elementor_mode"],"_links":{"self":[{"href":"https:\/\/portal.fgeo.gob.mx\/index.php\/wp-json\/wp\/v2\/noticias\/15899","targetHints":{"allow":["GET"]}}],"collection":[{"href":"https:\/\/portal.fgeo.gob.mx\/index.php\/wp-json\/wp\/v2\/noticias"}],"about":[{"href":"https:\/\/portal.fgeo.gob.mx\/index.php\/wp-json\/wp\/v2\/types\/noticias"}],"author":[{"embeddable":true,"href":"https:\/\/portal.fgeo.gob.mx\/index.php\/wp-json\/wp\/v2\/users\/2"}],"replies":[{"embeddable":true,"href":"https:\/\/portal.fgeo.gob.mx\/index.php\/wp-json\/wp\/v2\/comments?post=15899"}],"wp:featuredmedia":[{"embeddable":true,"href":"https:\/\/portal.fgeo.gob.mx\/index.php\/wp-json\/"}],"wp:attachment":[{"href":"https:\/\/portal.fgeo.gob.mx\/index.php\/wp-json\/wp\/v2\/media?parent=15899"}],"wp:term":[{"taxonomy":"post_tag","embeddable":true,"href":"https:\/\/portal.fgeo.gob.mx\/index.php\/wp-json\/wp\/v2\/tags?post=15899"},{"taxonomy":"categoria_noticias","embeddable":true,"href":"https:\/\/portal.fgeo.gob.mx\/index.php\/wp-json\/wp\/v2\/categoria_noticias?post=15899"}],"curies":[{"name":"wp","href":"https:\/\/api.w.org\/{rel}","templated":true}]}}