{"id":15898,"date":"2023-12-04T15:04:23","date_gmt":"2023-12-04T21:04:23","guid":{"rendered":"https:\/\/fge.oaxaca.gob.mx\/?post_type=noticias&amp;p=5511"},"modified":"2023-12-04T15:04:23","modified_gmt":"2023-12-04T21:04:23","slug":"fiscalia-de-oaxaca-obtiene-sentencia-de-25-anos-de-prision-contra-responsable-de-violacion-en-agravio-de-una-adolescente","status":"publish","type":"noticias","link":"https:\/\/portal.fgeo.gob.mx\/index.php\/archivos\/noticias\/fiscalia-de-oaxaca-obtiene-sentencia-de-25-anos-de-prision-contra-responsable-de-violacion-en-agravio-de-una-adolescente","title":{"rendered":"BOLET\u00cdN 501 -Fiscal\u00eda de Oaxaca obtiene sentencia de 25 a\u00f1os de prisi\u00f3n\u00a0contra responsable de violaci\u00f3n en agravio de una adolescente"},"content":{"rendered":"<p>&nbsp;<\/p>\n<p>&nbsp;<\/p>\n<p><strong><img decoding=\"async\" class=\"alignnone size-medium wp-image-5461\" src=\"https:\/\/portal.fgeo.gob.mx\/wp-content\/uploads\/2023\/11\/fiscalia-informa-300x150.jpeg\" alt=\"\" width=\"300\" height=\"150\" \/>\u00a0<\/strong><\/p>\n<p><strong>\u00a0<\/strong><\/p>\n<p><strong>\u00a0<\/strong><\/p>\n<p><strong>\u00a0<\/strong><\/p>\n<p><strong>Oaxaca de Ju\u00e1rez, Oax., a 4 de diciembre de 2023.- <\/strong>Como resultado de los trabajos de procuraci\u00f3n de justicia a favor de ni\u00f1as, ni\u00f1os y adolescentes, la Fiscal\u00eda General del Estado de Oaxaca (FGEO) obtuvo una sentencia condenatoria superior a 25 a\u00f1os de prisi\u00f3n en contra de Eduardo R. G., responsable en la comisi\u00f3n de los delitos de Violaci\u00f3n Agravada y Abuso Sexual Agravado, cometido en la regi\u00f3n de la Sierra Sur.<\/p>\n<p>&nbsp;<\/p>\n<p>Conforme a lo establecido en el expediente penal, el 5 de febrero del 2021, la v\u00edctima -una adolescente de 13 a\u00f1os de edad, cuya identidad est\u00e1 reservada por ley- se encontraba en su domicilio, localizado en el barrio La Pur\u00edsima, en el municipio de Sola de Vega, donde el imputado se acerc\u00f3 a ella para posteriormente cometer el delito de abuso sexual agravado.<\/p>\n<p>&nbsp;<\/p>\n<p><img fetchpriority=\"high\" decoding=\"async\" class=\"alignnone size-medium wp-image-5512\" src=\"https:\/\/portal.fgeo.gob.mx\/wp-content\/uploads\/2023\/12\/BOLET%C3%8DN-501-Fiscal%C3%ADa-de-Oaxaca-obtiene-sentencia-de-25-a%C3%B1os-de-prisi%C3%B3n-contra-responsable-de-violaci%C3%B3n-en-agravio-de-una-adolescente_page-0001-232x300.jpg\" alt=\"\" width=\"232\" height=\"300\" \/><\/p>\n<p>&nbsp;<\/p>\n<p>Mientras que, el 25 de abril del 2021, la v\u00edctima se encontraba en su vivienda, cuando el imputado nuevamente la agredi\u00f3 de forma sexual, conduta que constituye el delito de violaci\u00f3n agravada.<\/p>\n<p>&nbsp;<\/p>\n<p>Ante estos hechos y tras la denuncia presentada, la instituci\u00f3n de procuraci\u00f3n de justicia, inici\u00f3 una exhaustiva investigaci\u00f3n, a trav\u00e9s de la Vicefiscal\u00eda General de Control Regional, gracias a la cual se pudo aprehender al imputado para luego presentarlo ante el Juzgado de control.<\/p>\n<p>&nbsp;<\/p>\n<p>En audiencia el tribunal de enjuiciamiento, se dict\u00f3 sentencia condenatoria en contra del responsable, identificado como de Eduardo R. G., por lo que, el 30 de noviembre del 2023, el tribunal le impuso la pena de 25 a\u00f1os con 6 meses de prisi\u00f3n, adem\u00e1s que orden\u00f3 el pago de una multa consistente en 94 mil pesos y la reparaci\u00f3n del da\u00f1o en abstracto.<\/p>\n<p>&nbsp;<\/p>\n<p>La Fiscal\u00eda General reitera en los hechos, su compromiso de procurar justicia con perspectiva de g\u00e9nero e infancia y adolescencia, para evitar la impunidad y promover procesos de reparaci\u00f3n hacia las v\u00edctimas directas de delitos del \u00e1mbito sexual.<\/p>\n","protected":false},"author":2,"featured_media":5497,"comment_status":"closed","ping_status":"closed","template":"","tags":[],"categoria_noticias":[],"class_list":["post-15898","noticias","type-noticias","status-publish","has-post-thumbnail","hentry"],"acf":[],"mb":[],"mfb_rest_fields":["title","gutenberg_elementor_mode"],"_links":{"self":[{"href":"https:\/\/portal.fgeo.gob.mx\/index.php\/wp-json\/wp\/v2\/noticias\/15898","targetHints":{"allow":["GET"]}}],"collection":[{"href":"https:\/\/portal.fgeo.gob.mx\/index.php\/wp-json\/wp\/v2\/noticias"}],"about":[{"href":"https:\/\/portal.fgeo.gob.mx\/index.php\/wp-json\/wp\/v2\/types\/noticias"}],"author":[{"embeddable":true,"href":"https:\/\/portal.fgeo.gob.mx\/index.php\/wp-json\/wp\/v2\/users\/2"}],"replies":[{"embeddable":true,"href":"https:\/\/portal.fgeo.gob.mx\/index.php\/wp-json\/wp\/v2\/comments?post=15898"}],"wp:featuredmedia":[{"embeddable":true,"href":"https:\/\/portal.fgeo.gob.mx\/index.php\/wp-json\/"}],"wp:attachment":[{"href":"https:\/\/portal.fgeo.gob.mx\/index.php\/wp-json\/wp\/v2\/media?parent=15898"}],"wp:term":[{"taxonomy":"post_tag","embeddable":true,"href":"https:\/\/portal.fgeo.gob.mx\/index.php\/wp-json\/wp\/v2\/tags?post=15898"},{"taxonomy":"categoria_noticias","embeddable":true,"href":"https:\/\/portal.fgeo.gob.mx\/index.php\/wp-json\/wp\/v2\/categoria_noticias?post=15898"}],"curies":[{"name":"wp","href":"https:\/\/api.w.org\/{rel}","templated":true}]}}