{"id":15897,"date":"2023-12-03T14:36:31","date_gmt":"2023-12-03T20:36:31","guid":{"rendered":"https:\/\/fge.oaxaca.gob.mx\/?post_type=noticias&amp;p=5506"},"modified":"2023-12-03T14:36:31","modified_gmt":"2023-12-03T20:36:31","slug":"boletin-500-supervisa-fiscal-de-oaxaca-bernardo-rodriguez-alamilla-trabajos-de-rehabilitacion-del-instituto-de-servicios-periciales","status":"publish","type":"noticias","link":"https:\/\/portal.fgeo.gob.mx\/index.php\/archivos\/noticias\/boletin-500-supervisa-fiscal-de-oaxaca-bernardo-rodriguez-alamilla-trabajos-de-rehabilitacion-del-instituto-de-servicios-periciales","title":{"rendered":"BOLET\u00cdN 500- Supervisa Fiscal de Oaxaca, Bernardo Rodr\u00edguez Alamilla trabajos de rehabilitaci\u00f3n del Instituto de Servicios Periciales"},"content":{"rendered":"<p><strong>Oaxaca de Ju\u00e1rez, Oax., a 3 de diciembre de 2023.-<\/strong> \u00a0El Fiscal General del Estado de Oaxaca, Bernardo Rodr\u00edguez Alamilla realiz\u00f3 una visita de supervisi\u00f3n a los trabajos de rehabilitaci\u00f3n \u00a0y ampliaci\u00f3n del edificio del Instituto de Servicios Periciales, ubicados en San Bartolo Coyotepec.<\/p>\n<p>Acompa\u00f1ado por el director de esta \u00e1rea fundamental de la FGEO, Jorge G\u00f3mez Guerrero, el Fiscal General apunt\u00f3 que esta obra tiene el objetivo de mejorar los servicios que brinda la instituci\u00f3n, y con ello, alcanzar los est\u00e1ndares internacionales para la certificaci\u00f3n y acreditaci\u00f3n de los laboratorios, en el Programa Internacional para la Capacitaci\u00f3n y Asistencia en la Investigaci\u00f3n Criminal de la Agencia de Asuntos Antinarc\u00f3ticos y Aplicaci\u00f3n de la Ley de los Estados Unidos de Norteam\u00e9rica (ICITAP-INL).<\/p>\n<p><img fetchpriority=\"high\" decoding=\"async\" class=\"alignnone size-medium wp-image-5507\" src=\"https:\/\/portal.fgeo.gob.mx\/wp-content\/uploads\/2023\/12\/3-diciembre-Supervisa-Fiscal-de-Oaxaca-trabajos-de-rehabilitaci%C3%B3n-del-Instituto-de-Servicios-Periciales-1-300x200.jpg\" alt=\"\" width=\"300\" height=\"200\" \/>\u00a0 \u00a0 \u00a0 \u00a0 \u00a0 \u00a0 \u00a0 \u00a0 \u00a0 \u00a0 \u00a0 \u00a0 \u00a0 \u00a0 \u00a0<img decoding=\"async\" class=\"alignnone size-medium wp-image-5508\" src=\"https:\/\/portal.fgeo.gob.mx\/wp-content\/uploads\/2023\/12\/3-diciembre-Supervisa-Fiscal-de-Oaxaca-trabajos-de-rehabilitaci%C3%B3n-del-Instituto-de-Servicios-Periciales-300x200.jpg\" alt=\"\" width=\"300\" height=\"200\" \/><\/p>\n<p>Los trabajos de mantenimiento, precis\u00f3, se realizan gracias a la gesti\u00f3n de recursos ante la Secretar\u00eda de Finanzas del Gobierno del Estado, en colaboraci\u00f3n con la Secretar\u00eda de las Infraestructuras y Comunicaciones, la cual efectu\u00f3 la valoraci\u00f3n t\u00e9cnica del proyecto de rehabilitaci\u00f3n del inmueble, lo que permitir\u00e1 cumplir con los requisitos necesarios para lograr la certificaci\u00f3n y acreditaci\u00f3n de los laboratorios de criminal\u00edstica, bal\u00edstica y gen\u00e9tica, de acuerdo a los est\u00e1ndares se\u00f1alados por el ICITAP-INL bajo la norma ISO 17020 y 17025.<\/p>\n<p>Adem\u00e1s, detall\u00f3, se implementa un proyecto de ampliaci\u00f3n para dotar al Instituto de Servicios Periciales de espacios de psicolog\u00eda, tr\u00e1nsito terrestre, almac\u00e9n de indicios, antropolog\u00eda, an\u00e1lisis de voz, arquitectura, incendios y explosivos, as\u00ed como de contabilidad, site, fotograf\u00eda, una c\u00e1mara de Gesell, \u00e1rea de retrato hablado, y bodega administrativa; adem\u00e1s de gen\u00e9tica y sal\u00f3n de usos m\u00faltiples.<\/p>\n<p>Rodr\u00edguez Alamilla apunt\u00f3 que el edificio sufri\u00f3 da\u00f1os considerables en el sismo de 2019, entre los cuales se encuentran grietas en las paredes, ruptura de las l\u00edneas hidr\u00e1ulicas que pasan por la azotea, sin que hubiesen sido atendidas anteriormente, por lo que resalt\u00f3 la importancia las obras que se llevan a cabo en la actualidad.<\/p>\n<p>En este sentido, reiter\u00f3 que parte fundamental del proceso de reingenier\u00eda institucional, consiste en la rehabilitaci\u00f3n de espacios, pues esto es necesario para fortalecer los procesos de procuraci\u00f3n de justicia, ya que, al contar con espacios dignos, se favorece el trabajo del personal de la instituci\u00f3n, as\u00ed como mejora la atenci\u00f3n y resultados que se brindan a la ciudadan\u00eda.<\/p>\n<p><img decoding=\"async\" class=\"alignnone size-medium wp-image-5509\" src=\"https:\/\/portal.fgeo.gob.mx\/wp-content\/uploads\/2023\/12\/3-diciembre-Supervisa-Fiscal-de-Oaxaca-trabajos-de-rehabilitaci%C3%B3n-del-Instituto-de-Servicios-Periciales-3-300x200.jpg\" alt=\"\" width=\"300\" height=\"200\" \/>\u00a0 \u00a0 \u00a0 \u00a0 \u00a0 \u00a0 \u00a0 \u00a0 \u00a0 \u00a0 \u00a0 \u00a0 \u00a0 \u00a0 \u00a0<img loading=\"lazy\" decoding=\"async\" class=\"alignnone size-medium wp-image-5510\" src=\"https:\/\/portal.fgeo.gob.mx\/wp-content\/uploads\/2023\/12\/3-diciembre-Supervisa-Fiscal-de-Oaxaca-trabajos-de-rehabilitaci%C3%B3n-del-Instituto-de-Servicios-Periciales-2-300x200.jpg\" alt=\"\" width=\"300\" height=\"200\" \/><\/p>\n<p>En este marco, el Fiscal General tambi\u00e9n realiz\u00f3 un recorrido en las distintas \u00e1reas en funcionamiento de este edificio, al tiempo que salud\u00f3 al personal.<\/p>\n<p>&nbsp;<\/p>\n","protected":false},"author":2,"featured_media":5491,"comment_status":"closed","ping_status":"closed","template":"","tags":[],"categoria_noticias":[],"class_list":["post-15897","noticias","type-noticias","status-publish","has-post-thumbnail","hentry"],"acf":[],"mb":[],"mfb_rest_fields":["title","gutenberg_elementor_mode"],"_links":{"self":[{"href":"https:\/\/portal.fgeo.gob.mx\/index.php\/wp-json\/wp\/v2\/noticias\/15897","targetHints":{"allow":["GET"]}}],"collection":[{"href":"https:\/\/portal.fgeo.gob.mx\/index.php\/wp-json\/wp\/v2\/noticias"}],"about":[{"href":"https:\/\/portal.fgeo.gob.mx\/index.php\/wp-json\/wp\/v2\/types\/noticias"}],"author":[{"embeddable":true,"href":"https:\/\/portal.fgeo.gob.mx\/index.php\/wp-json\/wp\/v2\/users\/2"}],"replies":[{"embeddable":true,"href":"https:\/\/portal.fgeo.gob.mx\/index.php\/wp-json\/wp\/v2\/comments?post=15897"}],"wp:featuredmedia":[{"embeddable":true,"href":"https:\/\/portal.fgeo.gob.mx\/index.php\/wp-json\/"}],"wp:attachment":[{"href":"https:\/\/portal.fgeo.gob.mx\/index.php\/wp-json\/wp\/v2\/media?parent=15897"}],"wp:term":[{"taxonomy":"post_tag","embeddable":true,"href":"https:\/\/portal.fgeo.gob.mx\/index.php\/wp-json\/wp\/v2\/tags?post=15897"},{"taxonomy":"categoria_noticias","embeddable":true,"href":"https:\/\/portal.fgeo.gob.mx\/index.php\/wp-json\/wp\/v2\/categoria_noticias?post=15897"}],"curies":[{"name":"wp","href":"https:\/\/api.w.org\/{rel}","templated":true}]}}