{"id":15896,"date":"2023-12-03T14:01:14","date_gmt":"2023-12-03T20:01:14","guid":{"rendered":"https:\/\/fge.oaxaca.gob.mx\/?post_type=noticias&amp;p=5505"},"modified":"2023-12-03T14:01:14","modified_gmt":"2023-12-03T20:01:14","slug":"boletin-499-fgeo-obtiene-prision-preventiva-y-vinculacion-a-proceso-contra-un-hombre-de-nacionalidad-hondurena-imputado-por-violencia-familiar","status":"publish","type":"noticias","link":"https:\/\/portal.fgeo.gob.mx\/index.php\/archivos\/noticias\/boletin-499-fgeo-obtiene-prision-preventiva-y-vinculacion-a-proceso-contra-un-hombre-de-nacionalidad-hondurena-imputado-por-violencia-familiar","title":{"rendered":"BOLET\u00cdN 499- FGEO obtiene prisi\u00f3n preventiva y vinculaci\u00f3n a proceso contra un hombre de nacionalidad hondure\u00f1a, imputado por violencia familiar"},"content":{"rendered":"<p><strong>Oaxaca de Ju\u00e1rez, Oax., a 3 de diciembre de 2023.-\u00a0<\/strong>La Fiscal\u00eda General del Estado de Oaxaca (FGEO) obtuvo auto de vinculaci\u00f3n a proceso y prisi\u00f3n preventiva contra una persona del sexo masculino, de nacionalidad hondure\u00f1a, identificada por las iniciales J. F. L. M., imputada por el delito de Violencia Familiar, en agravio de una mujer y tres ni\u00f1as, cometido en la regi\u00f3n del Istmo de Tehuantepec.<\/p>\n<p>Gracias a la intervenci\u00f3n oportuna de la FGEO, a trav\u00e9s de la Agencia Estatal de Investigaciones (AEI), en colaboraci\u00f3n con la Guardia Nacional, Ej\u00e9rcito Mexicano y Polic\u00eda Municipal de Ixtepec, se logr\u00f3 la detenci\u00f3n en flagrancia de J.F.L.M.<\/p>\n<p>Los hechos sucedieron en diferentes fechas de noviembre de 2023, pero el 22 del citado mes, cuando la v\u00edctima se encontraba al interior de un domicilio particular localizado en el Barrio La Soledad de Ciudad Ixtepec, ella y sus tres hijas menores de edad, fueron agredidas tanto f\u00edsica, como psicol\u00f3gicamente, por lo que alert\u00f3 a las autoridades v\u00eda telef\u00f3nica, las cuales acudieron en su auxilio.<\/p>\n<p>Luego de la detenci\u00f3n, la FGEO realiz\u00f3 las investigaciones ministeriales cuyos resultados present\u00f3 ante el Juez que atiende la causa, quien determin\u00f3 dictar auto de vinculaci\u00f3n a proceso en contra de J. F. L. M., imputado por el delito de Violencia Familiar, adem\u00e1s que impuso la medida cautelar de prisi\u00f3n preventiva y otorg\u00f3 dos meses para el cierre de la investigaci\u00f3n complementaria.<\/p>\n<p>La erradicaci\u00f3n de cualquier tipo de violencia en los n\u00facleos familiares, es parte de la estrategia de reducci\u00f3n de incidencia delictiva a la que se ci\u00f1e la Fiscal\u00eda de Oaxaca, para garantizar que el hogar sea un espacio libre de violencia para mujeres, as\u00ed como para ni\u00f1as, ni\u00f1os y adolescentes.<\/p>\n","protected":false},"author":2,"featured_media":5497,"comment_status":"closed","ping_status":"closed","template":"","tags":[],"categoria_noticias":[],"class_list":["post-15896","noticias","type-noticias","status-publish","has-post-thumbnail","hentry"],"acf":[],"mb":[],"mfb_rest_fields":["title","gutenberg_elementor_mode"],"_links":{"self":[{"href":"https:\/\/portal.fgeo.gob.mx\/index.php\/wp-json\/wp\/v2\/noticias\/15896","targetHints":{"allow":["GET"]}}],"collection":[{"href":"https:\/\/portal.fgeo.gob.mx\/index.php\/wp-json\/wp\/v2\/noticias"}],"about":[{"href":"https:\/\/portal.fgeo.gob.mx\/index.php\/wp-json\/wp\/v2\/types\/noticias"}],"author":[{"embeddable":true,"href":"https:\/\/portal.fgeo.gob.mx\/index.php\/wp-json\/wp\/v2\/users\/2"}],"replies":[{"embeddable":true,"href":"https:\/\/portal.fgeo.gob.mx\/index.php\/wp-json\/wp\/v2\/comments?post=15896"}],"wp:featuredmedia":[{"embeddable":true,"href":"https:\/\/portal.fgeo.gob.mx\/index.php\/wp-json\/"}],"wp:attachment":[{"href":"https:\/\/portal.fgeo.gob.mx\/index.php\/wp-json\/wp\/v2\/media?parent=15896"}],"wp:term":[{"taxonomy":"post_tag","embeddable":true,"href":"https:\/\/portal.fgeo.gob.mx\/index.php\/wp-json\/wp\/v2\/tags?post=15896"},{"taxonomy":"categoria_noticias","embeddable":true,"href":"https:\/\/portal.fgeo.gob.mx\/index.php\/wp-json\/wp\/v2\/categoria_noticias?post=15896"}],"curies":[{"name":"wp","href":"https:\/\/api.w.org\/{rel}","templated":true}]}}