{"id":15894,"date":"2023-12-01T17:00:46","date_gmt":"2023-12-01T23:00:46","guid":{"rendered":"https:\/\/fge.oaxaca.gob.mx\/?post_type=noticias&amp;p=5498"},"modified":"2023-12-01T17:00:46","modified_gmt":"2023-12-01T23:00:46","slug":"boletin-498-por-maltrato-animal-fiscalia-de-oaxaca-ejecuta-orden-de-aprehension","status":"publish","type":"noticias","link":"https:\/\/portal.fgeo.gob.mx\/index.php\/archivos\/noticias\/boletin-498-por-maltrato-animal-fiscalia-de-oaxaca-ejecuta-orden-de-aprehension","title":{"rendered":"BOLET\u00cdN 498 &#8211; Por maltrato animal, Fiscal\u00eda de Oaxaca ejecuta orden de aprehensi\u00f3n"},"content":{"rendered":"<p><img decoding=\"async\" class=\"alignnone size-medium wp-image-5497\" src=\"https:\/\/portal.fgeo.gob.mx\/wp-content\/uploads\/2023\/12\/FGO-INFORMA-300x150.jpeg\" alt=\"\" width=\"300\" height=\"150\" \/><\/p>\n<p>&nbsp;<\/p>\n<p><strong>Oaxaca de Ju\u00e1rez, Oax., a 1 de diciembre de 2023.-<\/strong> \u00a0\u00a0Por el delito de crueldad animal y agon\u00eda, delito cometido contra un perro, la Fiscal\u00eda General del Estado de Oaxaca (FGEO) ejecut\u00f3 una orden de aprehensi\u00f3n, ante lo cual, una persona del sexo masculino identificada como P.G.R.M., qued\u00f3 detenida y ser\u00e1 puesta a disposici\u00f3n del Juez.<\/p>\n<p>&nbsp;<\/p>\n<p><img fetchpriority=\"high\" decoding=\"async\" class=\"alignnone size-medium wp-image-5501\" src=\"https:\/\/portal.fgeo.gob.mx\/wp-content\/uploads\/2023\/12\/BOLET%C3%8DN-498-Por-maltrato-animal-Fiscal%C3%ADa-de-Oaxaca-ejecuta-orden-de-aprehensi%C3%B3n-1-225x300.jpeg\" alt=\"\" width=\"225\" height=\"300\" \/><\/p>\n<p>&nbsp;<\/p>\n<p>De acuerdo con la carpeta de investigaci\u00f3n, el 8 de agosto de 2023, el perro (raza mestiza) de nombre \u201cToby\u201d se encontraba peleando con otro canino propiedad del imputado, cuando P.G.R.M.\u00a0 sali\u00f3 de su domicilio con un arma corto contundente (machete) y atac\u00f3 a \u201cToby\u201d, caus\u00e1ndole lesiones en el cabeza, cuello y cola.<\/p>\n<p>&nbsp;<\/p>\n<p>Debido a esto, la Unidad Operativa Especializada contra la Crueldad Animal tom\u00f3 el caso y despleg\u00f3 un equipo multidisciplinario especializado, que permiti\u00f3 obtener los indicios para solicitar ante el juez la orden de aprehensi\u00f3n, la cual fue ejecutada por Agentes Estatales de Investigaci\u00f3n.<\/p>\n<p>&nbsp;<\/p>\n<p><img decoding=\"async\" class=\"alignnone size-medium wp-image-5502\" src=\"https:\/\/portal.fgeo.gob.mx\/wp-content\/uploads\/2023\/12\/BOLET%C3%8DN-498-Por-maltrato-animal-Fiscal%C3%ADa-de-Oaxaca-ejecuta-orden-de-aprehensi%C3%B3n-2-300x169.jpeg\" alt=\"\" width=\"300\" height=\"169\" \/><\/p>\n<p>&nbsp;<\/p>\n<p>La Fiscal\u00eda General de Justicia refrenda su compromiso de atender los casos de delitos cometidos en contra de animales vertebrados, pues estas acciones se encuentran dentro de la estrategia integral de prevenci\u00f3n del delito al entender este fen\u00f3meno como la antesala de la violencia social.<\/p>\n<p>&nbsp;<\/p>\n<p>As\u00ed tambi\u00e9n, la FGEO refrenda el compromiso de procurar justicia para todos y cada uno de los delitos que se cometen, con el objetivo de abatir la impunidad y contribuir a evitar la repetici\u00f3n de hechos.<\/p>\n<p>&nbsp;<\/p>\n<p><img loading=\"lazy\" decoding=\"async\" class=\"alignnone size-medium wp-image-5503\" src=\"https:\/\/portal.fgeo.gob.mx\/wp-content\/uploads\/2023\/12\/BOLET%C3%8DN-498-Por-maltrato-animal-Fiscal%C3%ADa-de-Oaxaca-ejecuta-orden-de-aprehensi%C3%B3n-_page-0001-232x300.jpg\" alt=\"\" width=\"232\" height=\"300\" \/><\/p>\n","protected":false},"author":2,"featured_media":5497,"comment_status":"closed","ping_status":"closed","template":"","tags":[],"categoria_noticias":[],"class_list":["post-15894","noticias","type-noticias","status-publish","has-post-thumbnail","hentry"],"acf":[],"mb":[],"mfb_rest_fields":["title","gutenberg_elementor_mode"],"_links":{"self":[{"href":"https:\/\/portal.fgeo.gob.mx\/index.php\/wp-json\/wp\/v2\/noticias\/15894","targetHints":{"allow":["GET"]}}],"collection":[{"href":"https:\/\/portal.fgeo.gob.mx\/index.php\/wp-json\/wp\/v2\/noticias"}],"about":[{"href":"https:\/\/portal.fgeo.gob.mx\/index.php\/wp-json\/wp\/v2\/types\/noticias"}],"author":[{"embeddable":true,"href":"https:\/\/portal.fgeo.gob.mx\/index.php\/wp-json\/wp\/v2\/users\/2"}],"replies":[{"embeddable":true,"href":"https:\/\/portal.fgeo.gob.mx\/index.php\/wp-json\/wp\/v2\/comments?post=15894"}],"wp:featuredmedia":[{"embeddable":true,"href":"https:\/\/portal.fgeo.gob.mx\/index.php\/wp-json\/"}],"wp:attachment":[{"href":"https:\/\/portal.fgeo.gob.mx\/index.php\/wp-json\/wp\/v2\/media?parent=15894"}],"wp:term":[{"taxonomy":"post_tag","embeddable":true,"href":"https:\/\/portal.fgeo.gob.mx\/index.php\/wp-json\/wp\/v2\/tags?post=15894"},{"taxonomy":"categoria_noticias","embeddable":true,"href":"https:\/\/portal.fgeo.gob.mx\/index.php\/wp-json\/wp\/v2\/categoria_noticias?post=15894"}],"curies":[{"name":"wp","href":"https:\/\/api.w.org\/{rel}","templated":true}]}}