{"id":15891,"date":"2023-11-30T13:01:45","date_gmt":"2023-11-30T19:01:45","guid":{"rendered":"https:\/\/fge.oaxaca.gob.mx\/?post_type=noticias&amp;p=5484"},"modified":"2023-11-30T13:01:45","modified_gmt":"2023-11-30T19:01:45","slug":"en-prision-y-vinculado-a-proceso-imputado-por-violacion-en-agravio-de-nina-delito-cometido-en-el-istmo","status":"publish","type":"noticias","link":"https:\/\/portal.fgeo.gob.mx\/index.php\/archivos\/noticias\/en-prision-y-vinculado-a-proceso-imputado-por-violacion-en-agravio-de-nina-delito-cometido-en-el-istmo","title":{"rendered":"En prisi\u00f3n y vinculado a proceso, imputado por violaci\u00f3n en agravio de ni\u00f1a, delito cometido en el Istmo"},"content":{"rendered":"<p><strong>Oaxaca de Ju\u00e1rez, Oax., a 30 de noviembre de 2023.-<\/strong> El seguimiento prioritario que realiza la Fiscal\u00eda General del Estado de Oaxaca (FGEO) en casos de violencia sexual contra ni\u00f1as, ni\u00f1os y adolescentes, dio como resultado la vinculaci\u00f3n a proceso y prisi\u00f3n preventiva en contra de un hombre identificado como N. R. T., por el delito de Violaci\u00f3n, cometido en agravio de una menor de edad, en la regi\u00f3n del Istmo de Tehuantepec.<\/p>\n<p>De acuerdo con el expediente penal conformado por las investigaciones realizadas por la FGEO, los hechos ocurrieron el 9 de mayo de 2023, cuando la v\u00edctima, una ni\u00f1a de 12 a\u00f1os de edad cuya identidad est\u00e1 reservada por ley, ingres\u00f3 a los ba\u00f1os del auditorio municipal de San Pedro Huilotepec, donde fue agredida de forma sexual.<\/p>\n<p>Familiares de la v\u00edctima acudieron ante el Ministerio P\u00fablico para denunciar la agresi\u00f3n, por lo que se inici\u00f3 una carpeta de investigaci\u00f3n que qued\u00f3 a cargo de la Vicefiscal\u00eda Regional del Istmo, que efectu\u00f3 los trabajos que permitieron la obtenci\u00f3n de una orden de aprehensi\u00f3n.<\/p>\n<p>Elementos de la Agencia Estatal de Investigaciones (AEI) detuvieron y presentaron ante la autoridad ministerial correspondiente al imputado.<\/p>\n<p>Luego de presentar los datos de prueba resultantes de las indagatorias, el Juez que atiende la causa dict\u00f3 auto de vinculaci\u00f3n a proceso en contra de N. R. T., imponiendo la medida cautelar de prisi\u00f3n preventiva, adem\u00e1s que otorg\u00f3 dos meses para el cierre investigaci\u00f3n complementaria.<\/p>\n<p>Uno de los ejes fundamentales de la reingenier\u00eda institucional de la Fiscal\u00eda de Oaxaca es garantizar una vida libre de cualquier tipo de violencia a ni\u00f1as, ni\u00f1os y adolescentes, a trav\u00e9s de los mecanismos legales de procuraci\u00f3n de justicia.<\/p>\n","protected":false},"author":3,"featured_media":5461,"comment_status":"closed","ping_status":"closed","template":"","tags":[],"categoria_noticias":[],"class_list":["post-15891","noticias","type-noticias","status-publish","has-post-thumbnail","hentry"],"acf":[],"mb":[],"mfb_rest_fields":["title","gutenberg_elementor_mode"],"_links":{"self":[{"href":"https:\/\/portal.fgeo.gob.mx\/index.php\/wp-json\/wp\/v2\/noticias\/15891","targetHints":{"allow":["GET"]}}],"collection":[{"href":"https:\/\/portal.fgeo.gob.mx\/index.php\/wp-json\/wp\/v2\/noticias"}],"about":[{"href":"https:\/\/portal.fgeo.gob.mx\/index.php\/wp-json\/wp\/v2\/types\/noticias"}],"author":[{"embeddable":true,"href":"https:\/\/portal.fgeo.gob.mx\/index.php\/wp-json\/wp\/v2\/users\/3"}],"replies":[{"embeddable":true,"href":"https:\/\/portal.fgeo.gob.mx\/index.php\/wp-json\/wp\/v2\/comments?post=15891"}],"wp:featuredmedia":[{"embeddable":true,"href":"https:\/\/portal.fgeo.gob.mx\/index.php\/wp-json\/"}],"wp:attachment":[{"href":"https:\/\/portal.fgeo.gob.mx\/index.php\/wp-json\/wp\/v2\/media?parent=15891"}],"wp:term":[{"taxonomy":"post_tag","embeddable":true,"href":"https:\/\/portal.fgeo.gob.mx\/index.php\/wp-json\/wp\/v2\/tags?post=15891"},{"taxonomy":"categoria_noticias","embeddable":true,"href":"https:\/\/portal.fgeo.gob.mx\/index.php\/wp-json\/wp\/v2\/categoria_noticias?post=15891"}],"curies":[{"name":"wp","href":"https:\/\/api.w.org\/{rel}","templated":true}]}}