{"id":15888,"date":"2023-11-28T11:55:44","date_gmt":"2023-11-28T17:55:44","guid":{"rendered":"https:\/\/fge.oaxaca.gob.mx\/?post_type=noticias&amp;p=5468"},"modified":"2023-11-28T11:55:44","modified_gmt":"2023-11-28T17:55:44","slug":"presentan-estrategia-integral-para-fortalecer-la-atencion-de-conflictos-agrarios-en-oaxaca","status":"publish","type":"noticias","link":"https:\/\/portal.fgeo.gob.mx\/index.php\/archivos\/noticias\/presentan-estrategia-integral-para-fortalecer-la-atencion-de-conflictos-agrarios-en-oaxaca","title":{"rendered":"Presentan estrategia integral para fortalecer la atenci\u00f3n de conflictos agrarios en Oaxaca"},"content":{"rendered":"<p><strong>Oaxaca de Ju\u00e1rez, Oax., a 27 de noviembre de 2023. &#8211; <\/strong>Para hacer frente a la conflictividad agraria en la entidad, el Gobierno de Oaxaca anunci\u00f3 la pr\u00f3xima instalaci\u00f3n del \u201cGrupo de Inteligencia y Coordinaci\u00f3n Agraria para la Paz en Territorio\u201d, el cual guiar\u00e1 las acciones en materia de gobernabilidad, di\u00e1logo, seguridad y procuraci\u00f3n de justicia para atender los conflictos agrarios con \u00e9nfasis en 23 identificados de alto riesgo.<\/p>\n<p>Al participar en la Conferencia de Prensa de Seguridad, que tuvo lugar este lunes en Palacio de Gobierno, el Fiscal General del Estado de Oaxaca, Bernardo Rodr\u00edguez Alamilla, inform\u00f3 que como parte de esta estrategia, las instituciones de seguridad y procuraci\u00f3n de justicia llevar\u00e1n a cabo un dec\u00e1logo de acciones, de manera coordinada con instituciones de seguridad federal y estatal.<\/p>\n<p>Con la presencia del Secretario de Gobierno, Jes\u00fas Romero L\u00f3pez; la titular del Secretariado Ejecutivo del Sistema Estatal de Seguridad P\u00fablica, Karina Bar\u00f3n Ortiz; el Secretario de Seguridad P\u00fablica y Protecci\u00f3n Ciudadana, Iv\u00e1n Garc\u00eda \u00c1lvarez; el Procurador Agrario en Oaxaca, Gonzalo Villalobos L\u00f3pez; as\u00ed como del delegado de la Secretar\u00eda de Gobernaci\u00f3n, Jos\u00e9 Carlos Fuentes Ordaz; el Fiscal General apunt\u00f3 que ante los hechos violentos registrados en San Miguel El Grande y Magdalena Jaltepec, se emprender\u00e1 una estrategia coordinada e interinstitucional.<\/p>\n<p>La cual, dijo, tiene como objetivo atender tres ejes: 1) Atenci\u00f3n a las causas, di\u00e1logo y conciliaci\u00f3n; 2) Seguridad, Inteligencia y Justicia; y 3) Coordinaci\u00f3n Interinstitucional en materia Agraria, Social y Federal, de los cuales, la Fiscal\u00eda de Oaxaca tendr\u00e1 obligaciones directas en el segundo de ellos.<\/p>\n<p>Por lo que, Rodr\u00edguez Alamilla, enumer\u00f3 un dec\u00e1logo de acciones que efectuar\u00e1 la FGEO, de manera coordinada con instancias de seguridad p\u00fablica estatal y federal, as\u00ed como de gobernabilidad y derechos humanos, consistentes en:<\/p>\n<p>\u2022 Agilizar los procesos de procuraci\u00f3n de justicia, a trav\u00e9s de resultados en carpetas de investigaci\u00f3n pendientes.<\/p>\n<p>\u2022 Brindar atenci\u00f3n integral y multidisciplinaria a las v\u00edctimas directas e indirectas de estos conflictos.<\/p>\n<p>\u2022 Establecer cordones de seguridad, principalmente en las zonas lim\u00edtrofes de los conflictos en los que habr\u00e1 presencia de diferentes corporaciones de seguridad, tanto de nivel estatal como federal.<\/p>\n<p>\u2022 Hacer uso de herramientas tecnol\u00f3gicas que permitan llegar de manera r\u00e1pida, para atender de una forma m\u00e1s efectiva este fen\u00f3meno. Entre las cuales se encuentran vuelos con drones para observar las zonas, as\u00ed como vigilancia a trav\u00e9s de vuelos tripulados de helic\u00f3pteros.<\/p>\n<p>\u2022 Implementar filtros de seguridad para la entrada y salida de las zonas, para generar un control sobre la posesi\u00f3n de armas entre la poblaci\u00f3n civil.<\/p>\n<p>\u2022 Efectuar labores de inteligencia para saber, desde el interior de las comunidades, cu\u00e1les son los elementos que generan inestabilidad dentro de las poblaciones y neutralizarlos para garantizar la paz social.<\/p>\n<p>\u2022 Crear una unidad especializada para intervenciones t\u00e1cticas en las zonas de conflicto, por las particularidades de los casos, pues tienen exigencias diferentes la intervenci\u00f3n en zonas al interior del estado, que en las \u00e1reas urbanas.<\/p>\n<p>\u2022 Generar la coadyuvancia entre las instituciones de seguridad y la generaci\u00f3n de paz, para que el di\u00e1logo tenga el acompa\u00f1amiento operativo, en caso de ser necesario.<\/p>\n<p>\u2022 Emprender un programa de retiro de armas en estas zonas, pues los conflictos han revelado el uso de armas de grueso calibre y la inteligencia para saber de d\u00f3nde vienen estas armas.<\/p>\n<p>\u2022 Aplicar trabajos de inteligencia operativa para detectar la ruta de la cual vienen estas armas, para prevenir y tambi\u00e9n intervenir de manera oportuna.<\/p>\n","protected":false},"author":3,"featured_media":5461,"comment_status":"closed","ping_status":"closed","template":"","tags":[],"categoria_noticias":[],"class_list":["post-15888","noticias","type-noticias","status-publish","has-post-thumbnail","hentry"],"acf":[],"mb":[],"mfb_rest_fields":["title","gutenberg_elementor_mode"],"_links":{"self":[{"href":"https:\/\/portal.fgeo.gob.mx\/index.php\/wp-json\/wp\/v2\/noticias\/15888","targetHints":{"allow":["GET"]}}],"collection":[{"href":"https:\/\/portal.fgeo.gob.mx\/index.php\/wp-json\/wp\/v2\/noticias"}],"about":[{"href":"https:\/\/portal.fgeo.gob.mx\/index.php\/wp-json\/wp\/v2\/types\/noticias"}],"author":[{"embeddable":true,"href":"https:\/\/portal.fgeo.gob.mx\/index.php\/wp-json\/wp\/v2\/users\/3"}],"replies":[{"embeddable":true,"href":"https:\/\/portal.fgeo.gob.mx\/index.php\/wp-json\/wp\/v2\/comments?post=15888"}],"wp:featuredmedia":[{"embeddable":true,"href":"https:\/\/portal.fgeo.gob.mx\/index.php\/wp-json\/"}],"wp:attachment":[{"href":"https:\/\/portal.fgeo.gob.mx\/index.php\/wp-json\/wp\/v2\/media?parent=15888"}],"wp:term":[{"taxonomy":"post_tag","embeddable":true,"href":"https:\/\/portal.fgeo.gob.mx\/index.php\/wp-json\/wp\/v2\/tags?post=15888"},{"taxonomy":"categoria_noticias","embeddable":true,"href":"https:\/\/portal.fgeo.gob.mx\/index.php\/wp-json\/wp\/v2\/categoria_noticias?post=15888"}],"curies":[{"name":"wp","href":"https:\/\/api.w.org\/{rel}","templated":true}]}}