{"id":15887,"date":"2023-11-27T09:27:56","date_gmt":"2023-11-27T15:27:56","guid":{"rendered":"https:\/\/fge.oaxaca.gob.mx\/?post_type=noticias&amp;p=5466"},"modified":"2023-11-27T09:27:56","modified_gmt":"2023-11-27T15:27:56","slug":"despliega-fiscalia-de-oaxaca-equipo-multidisciplinario-para-investigar-emboscada-en-guadalupe-victoria-magdalena-jaltepec","status":"publish","type":"noticias","link":"https:\/\/portal.fgeo.gob.mx\/index.php\/archivos\/noticias\/despliega-fiscalia-de-oaxaca-equipo-multidisciplinario-para-investigar-emboscada-en-guadalupe-victoria-magdalena-jaltepec","title":{"rendered":"Despliega Fiscal\u00eda de Oaxaca equipo multidisciplinario para investigar emboscada en Guadalupe Victoria, Magdalena Jaltepec"},"content":{"rendered":"<p>*De manera preliminar se tiene conocimiento de 9 personas fallecidas y 4 lesionadas, todas originarias de Santiago Mitlatongo<\/p>\n<p dir=\"ltr\" style=\"text-align: justify;\">\n<b>Oaxaca de Ju\u00e1rez, Oax., a 25 de noviembre de 2023.- <\/b>La Fiscal\u00eda General del Estado de Oaxaca (FGEO) despleg\u00f3 un equipo multidisciplinario a la agencia de Guadalupe Victoria, Magdalena Jaltepec, lugar en donde se registr\u00f3 una emboscada que dej\u00f3 como saldo preliminar nueve personas fallecidas, as\u00ed como cuatro heridas.<\/p>\n<p style=\"text-align: justify;\">\n<p dir=\"ltr\" style=\"text-align: justify;\">\nDe acuerdo con las primeras investigaciones, las v\u00edctimas partieron de Santiago Mitlatongo alrededor de las seis de la ma\u00f1ana de este s\u00e1bado 25 de noviembre, con destino a Nochixtl\u00e1n en una camioneta pasajera, y, en inmediaciones de la agencia Guadalupe Victoria fueron atacadas con armas de fuego.\n<\/p>\n<p style=\"text-align: justify;\">\n<p dir=\"ltr\" style=\"text-align: justify;\">\nLo anterior provoc\u00f3 que nueve personas en proceso de identificaci\u00f3n, perdieran la vida en el lugar, mientras que otras cuatro, -tres de ellas mujeres: C.L.L, V.L.B., E.L.L y un hombre D.S.B.- resultaron lesionadas, por lo que fueron trasladadas a un hospital de la zona.<\/p>\n<p style=\"text-align: justify;\">\n<p dir=\"ltr\" style=\"text-align: justify;\">\nLuego de tener conocimiento de los hechos, la FGEO envi\u00f3 personal especializado para recabar datos y llevar a cabo el procesamiento del lugar, as\u00ed como efectuar las diligencias periciales correspondientes y el levantamiento de los cuerpos.<\/p>\n<p style=\"text-align: justify;\">\n<p dir=\"ltr\" style=\"text-align: justify;\">\nLa Fiscal\u00eda de Oaxaca refrenda su compromiso de que este acto no quede impune y llevar a cabo las investigaciones para dar con el paradero de las personas responsables de estos hechos, pues lesionan profundamente el tejido social.\n<\/p>\n<p style=\"text-align: justify;\">\n<p dir=\"ltr\" style=\"text-align: justify;\">\nAs\u00ed tambi\u00e9n, hace un llamado a las comunidades a establecer el di\u00e1logo como el \u00fanico camino para dirimir los conflictos, pues los agravios entre comunidades no abonan a la resoluci\u00f3n de las problem\u00e1ticas, por el contrario, contribuye al encono, ante lo cual resulta fundamental anteponer los intereses colectivos y comunitarios para la paz.<\/p>\n","protected":false},"author":3,"featured_media":5461,"comment_status":"closed","ping_status":"closed","template":"","tags":[],"categoria_noticias":[],"class_list":["post-15887","noticias","type-noticias","status-publish","has-post-thumbnail","hentry"],"acf":[],"mb":[],"mfb_rest_fields":["title","gutenberg_elementor_mode"],"_links":{"self":[{"href":"https:\/\/portal.fgeo.gob.mx\/index.php\/wp-json\/wp\/v2\/noticias\/15887","targetHints":{"allow":["GET"]}}],"collection":[{"href":"https:\/\/portal.fgeo.gob.mx\/index.php\/wp-json\/wp\/v2\/noticias"}],"about":[{"href":"https:\/\/portal.fgeo.gob.mx\/index.php\/wp-json\/wp\/v2\/types\/noticias"}],"author":[{"embeddable":true,"href":"https:\/\/portal.fgeo.gob.mx\/index.php\/wp-json\/wp\/v2\/users\/3"}],"replies":[{"embeddable":true,"href":"https:\/\/portal.fgeo.gob.mx\/index.php\/wp-json\/wp\/v2\/comments?post=15887"}],"wp:featuredmedia":[{"embeddable":true,"href":"https:\/\/portal.fgeo.gob.mx\/index.php\/wp-json\/"}],"wp:attachment":[{"href":"https:\/\/portal.fgeo.gob.mx\/index.php\/wp-json\/wp\/v2\/media?parent=15887"}],"wp:term":[{"taxonomy":"post_tag","embeddable":true,"href":"https:\/\/portal.fgeo.gob.mx\/index.php\/wp-json\/wp\/v2\/tags?post=15887"},{"taxonomy":"categoria_noticias","embeddable":true,"href":"https:\/\/portal.fgeo.gob.mx\/index.php\/wp-json\/wp\/v2\/categoria_noticias?post=15887"}],"curies":[{"name":"wp","href":"https:\/\/api.w.org\/{rel}","templated":true}]}}