{"id":15886,"date":"2023-11-27T09:22:12","date_gmt":"2023-11-27T15:22:12","guid":{"rendered":"https:\/\/fge.oaxaca.gob.mx\/?post_type=noticias&amp;p=5464"},"modified":"2023-11-27T09:22:12","modified_gmt":"2023-11-27T15:22:12","slug":"logra-fgeo-prision-y-vinculacion-a-proceso-contra-imputado-de-disparar-a-una-mujer-en-la-costa","status":"publish","type":"noticias","link":"https:\/\/portal.fgeo.gob.mx\/index.php\/archivos\/noticias\/logra-fgeo-prision-y-vinculacion-a-proceso-contra-imputado-de-disparar-a-una-mujer-en-la-costa","title":{"rendered":"Logra FGEO prisi\u00f3n y vinculaci\u00f3n a proceso contra imputado de disparar a una mujer en la Costa"},"content":{"rendered":"<p dir=\"ltr\" style=\"text-align: justify;\">\n<b>Oaxaca de Ju\u00e1rez, Oax., a 24 de noviembre de 2023.- <\/b>Las labores de procuraci\u00f3n de justicia realizadas por la Fiscal\u00eda General del Estado de Oaxaca (FGEO) dieron como resultado la obtenci\u00f3n de un auto de vinculaci\u00f3n a proceso en contra de una persona del sexo masculino identificada por las iniciales R..H.M o R.H.M., por el delito de Lesiones Calificadas con Ventaja por hechos en los que una mujer result\u00f3 con lesiones tras una agresi\u00f3n con arma de fuego cometida en la regi\u00f3n de la Costa<\/p>\n<p style=\"text-align: justify;\">\n<p dir=\"ltr\" style=\"text-align: justify;\">\nDe acuerdo con el expediente penal del caso, el 18 de septiembre de 2023, la v\u00edctima, una mujer identificada como L. V. M., se encontraba en calles del centro del municipio de Pinotepa de Don Luis, sitio al que arrib\u00f3 una persona, quien le dispar\u00f3 provoc\u00e1ndole al menos dos lesiones por las cuales tuvo que ser atendida en un hospital.\n<\/p>\n<p style=\"text-align: justify;\">\n<p dir=\"ltr\" style=\"text-align: justify;\">\nLa Fiscal\u00eda de Oaxaca tom\u00f3 conocimiento e inici\u00f3 una investigaci\u00f3n al respecto, a trav\u00e9s de la Vicefiscal\u00eda Regional de la Costa, que despleg\u00f3 a un equipo multidisciplinario el cual se hizo cargo de las labores iniciales.<\/p>\n<p style=\"text-align: justify;\">\n<p dir=\"ltr\" style=\"text-align: justify;\">\nComo resultado de las investigaciones, la Fiscal\u00eda obtuvo una orden de aprehensi\u00f3n por la cual fue detenido R..H.M o R.H.M., quien luego de ser presentado ante el Juez, este dict\u00f3 auto de vinculaci\u00f3n a proceso por el delito de Lesiones Calificadas con Ventaja, en agravio de L. V. M., imponi\u00e9ndole prisi\u00f3n preventiva y concediendo un plazo de dos meses para el cierre de investigaci\u00f3n complementaria.<\/p>\n<p style=\"text-align: justify;\">\n<p dir=\"ltr\" style=\"text-align: justify;\">\nLa Fiscal\u00eda de Oaxaca lleva a cabo investigaciones diligentes para buscar la sanci\u00f3n de cualquier conducta criminal que afecte el tejido social en el estado, para que las v\u00edctimas tengan pleno acceso a la justicia.<\/p>\n","protected":false},"author":3,"featured_media":5461,"comment_status":"closed","ping_status":"closed","template":"","tags":[],"categoria_noticias":[],"class_list":["post-15886","noticias","type-noticias","status-publish","has-post-thumbnail","hentry"],"acf":[],"mb":[],"mfb_rest_fields":["title","gutenberg_elementor_mode"],"_links":{"self":[{"href":"https:\/\/portal.fgeo.gob.mx\/index.php\/wp-json\/wp\/v2\/noticias\/15886","targetHints":{"allow":["GET"]}}],"collection":[{"href":"https:\/\/portal.fgeo.gob.mx\/index.php\/wp-json\/wp\/v2\/noticias"}],"about":[{"href":"https:\/\/portal.fgeo.gob.mx\/index.php\/wp-json\/wp\/v2\/types\/noticias"}],"author":[{"embeddable":true,"href":"https:\/\/portal.fgeo.gob.mx\/index.php\/wp-json\/wp\/v2\/users\/3"}],"replies":[{"embeddable":true,"href":"https:\/\/portal.fgeo.gob.mx\/index.php\/wp-json\/wp\/v2\/comments?post=15886"}],"wp:featuredmedia":[{"embeddable":true,"href":"https:\/\/portal.fgeo.gob.mx\/index.php\/wp-json\/"}],"wp:attachment":[{"href":"https:\/\/portal.fgeo.gob.mx\/index.php\/wp-json\/wp\/v2\/media?parent=15886"}],"wp:term":[{"taxonomy":"post_tag","embeddable":true,"href":"https:\/\/portal.fgeo.gob.mx\/index.php\/wp-json\/wp\/v2\/tags?post=15886"},{"taxonomy":"categoria_noticias","embeddable":true,"href":"https:\/\/portal.fgeo.gob.mx\/index.php\/wp-json\/wp\/v2\/categoria_noticias?post=15886"}],"curies":[{"name":"wp","href":"https:\/\/api.w.org\/{rel}","templated":true}]}}