{"id":15885,"date":"2023-11-24T10:43:59","date_gmt":"2023-11-24T16:43:59","guid":{"rendered":"https:\/\/fge.oaxaca.gob.mx\/?post_type=noticias&amp;p=5463"},"modified":"2023-11-24T10:43:59","modified_gmt":"2023-11-24T16:43:59","slug":"rinde-fiscalia-de-oaxaca-y-aei-homenaje-postumo-a-elementos-caidos-en-el-cumplimiento-de-su-deber","status":"publish","type":"noticias","link":"https:\/\/portal.fgeo.gob.mx\/index.php\/archivos\/noticias\/rinde-fiscalia-de-oaxaca-y-aei-homenaje-postumo-a-elementos-caidos-en-el-cumplimiento-de-su-deber","title":{"rendered":"Rinde Fiscal\u00eda de Oaxaca y AEI homenaje p\u00f3stumo a elementos ca\u00eddos en el cumplimiento de su deber"},"content":{"rendered":"<p dir=\"ltr\" style=\"text-align: justify;\">\n<b>La Experimental, San Antonio de la Cal, Oaxaca, a 23 de noviembre de 2023.- <\/b>Al rendir un homenaje de cuerpo presente a los elementos de la Agencia Estatal de Investigaciones (AEI), Jos\u00e9 Luis Daniel Calvo Tapia y Minyak Omar Moreno Plascencia, quienes fallecieron en el cumplimiento de su deber al momento de sufrir una emboscada en el paraje Santuario de las Aves, San Miguel El Grande, regi\u00f3n de la Mixteca, el Fiscal General del Estado de Oaxaca, Bernardo Rodr\u00edguez Alamilla, afirm\u00f3 que los hechos no quedar\u00e1n impunes.<\/p>\n<p style=\"text-align: justify;\">\n<p dir=\"ltr\" style=\"text-align: justify;\">\n\u201cHoy estamos reunidos para rendir homenaje a dos compa\u00f1eros de la AEI, quienes perdieron la vida en manos cobardes, cuando realizaban una labor de acompa\u00f1amiento a personas de San Miguel El Grande\u201d, sostuvo frente a las madres, esposas, hijos e hijas de los Agentes, as\u00ed como de integrantes de la corporaci\u00f3n.<\/p>\n<p style=\"text-align: justify;\">\n<p dir=\"ltr\" style=\"text-align: justify;\">\nDurante el acto de honores que se llev\u00f3 a cabo en el edificio de la AEI, se realiz\u00f3 el pase de lista en que las y los asistentes recordaron a los elementos ca\u00eddos, adem\u00e1s que se efectuaron los disparos de salvas en su honor, mientras que la Banda de M\u00fasica de la Polic\u00eda Estatal de la Secretar\u00eda de Seguridad y Protecci\u00f3n Ciudadana de Oaxaca enton\u00f3 el Toque de Silencio.<\/p>\n<p style=\"text-align: justify;\">\n<p dir=\"ltr\" style=\"text-align: justify;\">\n\u201cLes digo a los familiares que la p\u00e9rdida es tambi\u00e9n nuestra y de toda la sociedad oaxaque\u00f1a, que nos solidarizamos con ustedes. Este homenaje a los Agentes Estatales Jos\u00e9 Luis Daniel y Minyak Omar es tambi\u00e9n al riesgo, al valor y al hero\u00edsmo con el que ustedes compa\u00f1eras y compa\u00f1eros, realizan d\u00eda a d\u00eda su trabajo en favor de una sociedad m\u00e1s segura y justa para todas y todos\u201d, apunt\u00f3 el Fiscal de Oaxaca, Rodr\u00edguez Alamilla.<\/p>\n<p style=\"text-align: justify;\">\n<p dir=\"ltr\" style=\"text-align: justify;\">\nAcompa\u00f1ado del delegado de la Fiscal\u00eda General de la Rep\u00fablica en la entidad, Jaime Porfirio Garc\u00eda Belio; del Coronel Sergio Flores Vega, en representaci\u00f3n del comandante de la 28\u00aa Zona Militar; del encargado del despacho del C4, Donato L\u00f3pez, en representaci\u00f3n del Secretariado Ejecutivo del Sistema Estatal de Seguridad P\u00fablica; del Comisario en Jefe, Rogelio L\u00f3pez Escamilla, en representaci\u00f3n del Secretario de Seguridad y Protecci\u00f3n Ciudadana; del Inspector General, Daniel Ter\u00e1n, en representaci\u00f3n del comandante de la Guardia Nacional en Oaxaca; as\u00ed como de las y los titulares de todas las \u00e1reas de la FGEO; el Fiscal General realiz\u00f3 la primera guardia de honor frente a los f\u00e9retros de los elementos, acompa\u00f1ado de Jaciel Salvador V\u00e1squez Castro, coordinador de la AEI.<\/p>\n<p style=\"text-align: justify;\">\n<p dir=\"ltr\" style=\"text-align: justify;\">\n\u201cNo vamos a dejar pasar por alto esta situaci\u00f3n, vamos a reaccionar con toda la firmeza, vigor y fuerza del Estado, vamos a castigar a los responsables de este hecho, no habr\u00e1 d\u00eda, ni hora en que no busquemos hacerles justicia. No hacerlo es menoscabar la memoria y el recuerdo de nuestros compa\u00f1eros\u201d, sentenci\u00f3 Bernardo Rodr\u00edguez.\n<\/p>\n<p style=\"text-align: justify;\">\n<p dir=\"ltr\" style=\"text-align: justify;\">\n\u201cHonor y gloria a nuestros compa\u00f1eros ca\u00eddos, quienes pueden ir en paz con la satisfacci\u00f3n del deber cumplido\u201d, finaliz\u00f3.<\/p>\n<p style=\"text-align: justify;\">\n<p dir=\"ltr\" style=\"text-align: justify;\">\nLuego del homenaje, Rodr\u00edguez Alamilla acompa\u00f1\u00f3 a las familias de los elementos fallecidos, en especial a sus esposas, Mar\u00eda Soledad Olivera Aquino y Rosa Mar\u00eda Rosas Carrillo, para colocar las fotograf\u00edas de Jos\u00e9 Luis Daniel y Minyak Omar en el muro de honor de la AEI, corporaci\u00f3n desde la cual sirvieron a la sociedad oaxaque\u00f1a.<\/p>\n","protected":false},"author":3,"featured_media":5461,"comment_status":"closed","ping_status":"closed","template":"","tags":[],"categoria_noticias":[],"class_list":["post-15885","noticias","type-noticias","status-publish","has-post-thumbnail","hentry"],"acf":[],"mb":[],"mfb_rest_fields":["title","gutenberg_elementor_mode"],"_links":{"self":[{"href":"https:\/\/portal.fgeo.gob.mx\/index.php\/wp-json\/wp\/v2\/noticias\/15885","targetHints":{"allow":["GET"]}}],"collection":[{"href":"https:\/\/portal.fgeo.gob.mx\/index.php\/wp-json\/wp\/v2\/noticias"}],"about":[{"href":"https:\/\/portal.fgeo.gob.mx\/index.php\/wp-json\/wp\/v2\/types\/noticias"}],"author":[{"embeddable":true,"href":"https:\/\/portal.fgeo.gob.mx\/index.php\/wp-json\/wp\/v2\/users\/3"}],"replies":[{"embeddable":true,"href":"https:\/\/portal.fgeo.gob.mx\/index.php\/wp-json\/wp\/v2\/comments?post=15885"}],"wp:featuredmedia":[{"embeddable":true,"href":"https:\/\/portal.fgeo.gob.mx\/index.php\/wp-json\/"}],"wp:attachment":[{"href":"https:\/\/portal.fgeo.gob.mx\/index.php\/wp-json\/wp\/v2\/media?parent=15885"}],"wp:term":[{"taxonomy":"post_tag","embeddable":true,"href":"https:\/\/portal.fgeo.gob.mx\/index.php\/wp-json\/wp\/v2\/tags?post=15885"},{"taxonomy":"categoria_noticias","embeddable":true,"href":"https:\/\/portal.fgeo.gob.mx\/index.php\/wp-json\/wp\/v2\/categoria_noticias?post=15885"}],"curies":[{"name":"wp","href":"https:\/\/api.w.org\/{rel}","templated":true}]}}