{"id":15882,"date":"2023-11-22T10:08:35","date_gmt":"2023-11-22T16:08:35","guid":{"rendered":"https:\/\/fge.oaxaca.gob.mx\/?post_type=noticias&amp;p=5456"},"modified":"2023-11-22T10:08:35","modified_gmt":"2023-11-22T16:08:35","slug":"fiscalia-de-oaxaca-ejecuta-orden-de-aprehension-por-disturbios-ocurridos-en-eloxochitlan-durante-2014","status":"publish","type":"noticias","link":"https:\/\/portal.fgeo.gob.mx\/index.php\/archivos\/noticias\/fiscalia-de-oaxaca-ejecuta-orden-de-aprehension-por-disturbios-ocurridos-en-eloxochitlan-durante-2014","title":{"rendered":"Fiscal\u00eda de Oaxaca ejecuta orden de aprehensi\u00f3n por disturbios ocurridos en Eloxochitl\u00e1n durante 2014"},"content":{"rendered":"<p><strong>Dos personas fueron detenidas por tentativa de homicidio y una por da\u00f1os por incendio<\/strong><\/p>\n<p dir=\"ltr\" style=\"text-align: justify;\">\n<b>Oaxaca de Ju\u00e1rez, Oax., a 21 de noviembre de 2023. &#8211; <\/b>En cumplimiento a un mandato judicial, la Fiscal\u00eda General del Estado de Oaxaca (FGEO) ejecut\u00f3 una orden de aprehensi\u00f3n por la cual quedaron detenidas tres personas del sexo masculino, dos de ellas identificadas por las iniciales A. V. R. y J. V. R., por el delito de Tentativa de Homicidio en agravio de M. M. L. C., mientras que R. V. E., por el delito de Da\u00f1os por Incendio, ambos il\u00edcitos cometidos durante sucesos ocurridos en la regi\u00f3n de la Sierra de Flores Mag\u00f3n.<\/p>\n<p style=\"text-align: justify;\">\n<p dir=\"ltr\" style=\"text-align: justify;\">\nDe acuerdo con el expediente penal, los hechos se registraron el 14 de diciembre de 2014, durante disturbios p\u00fablicos en la poblaci\u00f3n de Eloxochitl\u00e1n de Flores Mag\u00f3n, en los cuales un grupo de personas le prendi\u00f3 fuego a los veh\u00edculos que se encontraban dentro de un taller mec\u00e1nico, por lo que se configur\u00f3 el delito de Da\u00f1os por Incendio.<\/p>\n<p style=\"text-align: justify;\">\n<p dir=\"ltr\" style=\"text-align: justify;\">\nMientras que, durante los mismos sucesos, una mujer identificada por las iniciales M. M. L. C. sufri\u00f3 una agresi\u00f3n que puso en riesgo su vida, por la cual se inici\u00f3 una carpeta de Tentativa de Homicidio.<br \/>\nLa FGEO inici\u00f3 las labores ministeriales correspondientes, por las cuales dieron intervenci\u00f3n a \u00e1reas especializadas que se hacen cargo de las investigaciones gracias a las que se obtuvieron dos \u00f3rdenes de aprehensi\u00f3n.<\/p>\n<p style=\"text-align: justify;\">\n<p dir=\"ltr\" style=\"text-align: justify;\">\nAnte ello, elementos de la Agencia Estatal de Investigaciones (AEI) dieron con el paradero de las personas se\u00f1aladas en los mandatos judiciales a los cuales dieron cumplimiento y detuvieron a A. V. R. y J. V. R., por el delito de Tentativa de Homicidio, as\u00ed tambi\u00e9n lograron la captura de R. V. E., por el delito de Da\u00f1os por Incendio, quienes quedaron a disposici\u00f3n de la autoridad que los requiri\u00f3 para que resuelva su situaci\u00f3n jur\u00eddica en las pr\u00f3ximas horas.<\/p>\n<p style=\"text-align: justify;\">\n<p dir=\"ltr\" style=\"text-align: justify;\">\nLa Fiscal\u00eda de Oaxaca da seguimiento puntual a los casos de alto impacto con repercusiones sociales, adem\u00e1s que realiza las labores ministeriales con estricto apego a la ley y dando cumplimiento a los mandatos judiciales, como parte de los procesos de procuraci\u00f3n de justicia a favor de las v\u00edctimas directas e indirectas.<\/p>\n","protected":false},"author":3,"featured_media":5461,"comment_status":"closed","ping_status":"closed","template":"","tags":[],"categoria_noticias":[],"class_list":["post-15882","noticias","type-noticias","status-publish","has-post-thumbnail","hentry"],"acf":[],"mb":[],"mfb_rest_fields":["title","gutenberg_elementor_mode"],"_links":{"self":[{"href":"https:\/\/portal.fgeo.gob.mx\/index.php\/wp-json\/wp\/v2\/noticias\/15882","targetHints":{"allow":["GET"]}}],"collection":[{"href":"https:\/\/portal.fgeo.gob.mx\/index.php\/wp-json\/wp\/v2\/noticias"}],"about":[{"href":"https:\/\/portal.fgeo.gob.mx\/index.php\/wp-json\/wp\/v2\/types\/noticias"}],"author":[{"embeddable":true,"href":"https:\/\/portal.fgeo.gob.mx\/index.php\/wp-json\/wp\/v2\/users\/3"}],"replies":[{"embeddable":true,"href":"https:\/\/portal.fgeo.gob.mx\/index.php\/wp-json\/wp\/v2\/comments?post=15882"}],"wp:featuredmedia":[{"embeddable":true,"href":"https:\/\/portal.fgeo.gob.mx\/index.php\/wp-json\/"}],"wp:attachment":[{"href":"https:\/\/portal.fgeo.gob.mx\/index.php\/wp-json\/wp\/v2\/media?parent=15882"}],"wp:term":[{"taxonomy":"post_tag","embeddable":true,"href":"https:\/\/portal.fgeo.gob.mx\/index.php\/wp-json\/wp\/v2\/tags?post=15882"},{"taxonomy":"categoria_noticias","embeddable":true,"href":"https:\/\/portal.fgeo.gob.mx\/index.php\/wp-json\/wp\/v2\/categoria_noticias?post=15882"}],"curies":[{"name":"wp","href":"https:\/\/api.w.org\/{rel}","templated":true}]}}