{"id":15880,"date":"2023-11-22T10:01:02","date_gmt":"2023-11-22T16:01:02","guid":{"rendered":"https:\/\/fge.oaxaca.gob.mx\/?post_type=noticias&amp;p=5454"},"modified":"2023-11-22T10:01:02","modified_gmt":"2023-11-22T16:01:02","slug":"fiscalia-de-oaxaca-aprehende-a-dos-mujeres-imputadas-por-secuestro-cometido-en-el-istmo","status":"publish","type":"noticias","link":"https:\/\/portal.fgeo.gob.mx\/index.php\/archivos\/noticias\/fiscalia-de-oaxaca-aprehende-a-dos-mujeres-imputadas-por-secuestro-cometido-en-el-istmo","title":{"rendered":"Fiscal\u00eda de Oaxaca aprehende a dos mujeres imputadas por secuestro cometido en el Istmo"},"content":{"rendered":"<p dir=\"ltr\" style=\"text-align: justify;\">\n<b>Oaxaca de Ju\u00e1rez, Oax., a 21 de noviembre de 2023. &#8211; <\/b>Gracias al trabajo legal realizado por el equipo especializado en combate al secuestro de la Fiscal\u00eda General del Estado de Oaxaca (FGEO), luego de interponer un recurso de apelaci\u00f3n, el Primer Tribunal Colegiado en Materias penal y de Trabajo del Decimotercer Circuito por Unanimidad, resolvi\u00f3 revocar la sentencia absolutoria a favor de las personas imputadas por un secuestro cometido en la regi\u00f3n del Istmo de Tehuantepec, por lo que, dos mujeres fueron reaprehendidas por este caso.<\/p>\n<p style=\"text-align: justify;\">\n<p dir=\"ltr\" style=\"text-align: justify;\">\nDe acuerdo con el expediente penal, los hechos ocurrieron el 18 de octubre de 2015, cuando la v\u00edctima fue secuestrada por varias personas, al momento en que se encontraba sobre la carretera Trans\u00edstmica, en el municipio de Mat\u00edas Romero y Avenda\u00f1o; y, tras establecer l\u00edneas de investigaci\u00f3n concretas, la FGEO logr\u00f3 el rescate de la v\u00edctima el 22 de octubre de 2015.<\/p>\n<p style=\"text-align: justify;\">\n<p dir=\"ltr\" style=\"text-align: justify;\">\nSin embargo, en el proceso penal en contra de los imputados fueron absueltos, determinaci\u00f3n que fue apelada por la FGEO, a trav\u00e9s de la Fiscal\u00eda Especializada para la Atenci\u00f3n de Delitos de Alto Impacto, misma que trabaj\u00f3 en el caso para promover la procuraci\u00f3n de justicia.<\/p>\n<p style=\"text-align: justify;\">\n<p dir=\"ltr\" style=\"text-align: justify;\">\nAnte ello, el 26 de agosto del 2021, el Primer Tribunal Colegiado en Materias penal y de Trabajo del Decimotercer Circuito por Unanimidad de votos, resolvi\u00f3 que la justicia de la uni\u00f3n ampara y protege a la v\u00edctima y orden\u00f3 a la Sala del Tribunal Superior del Estado de Oaxaca, revocar la sentencia absolutoria del Tribunal de Enjuiciamiento del Tribunal de Tehuantepec, por lo que se libraron las \u00f3rdenes de aprehensi\u00f3n correspondientes.<\/p>\n<p style=\"text-align: justify;\">\n<p dir=\"ltr\" style=\"text-align: justify;\">\nEn atenci\u00f3n a este mandato judicial, la FGEO, a trav\u00e9s de la Unidad Especializada en Combate al Secuestro (UECS), localiz\u00f3 y detuvo a dos mujeres identificadas como M. L. A. y E. A. D. o A. A. H., quienes fueron puestas a disposici\u00f3n del Tribunal de Enjuiciamiento para los efectos legales correspondiente.<\/p>\n<p style=\"text-align: justify;\">\n<p dir=\"ltr\" style=\"text-align: justify;\">\nLa Fiscal\u00eda de Oaxaca realiza las investigaciones ministeriales y las gestiones legales necesarias para que las v\u00edctimas tengan pleno acceso a la justicia.<\/p>\n","protected":false},"author":3,"featured_media":3175,"comment_status":"closed","ping_status":"closed","template":"","tags":[],"categoria_noticias":[],"class_list":["post-15880","noticias","type-noticias","status-publish","has-post-thumbnail","hentry"],"acf":[],"mb":[],"mfb_rest_fields":["title","gutenberg_elementor_mode"],"_links":{"self":[{"href":"https:\/\/portal.fgeo.gob.mx\/index.php\/wp-json\/wp\/v2\/noticias\/15880","targetHints":{"allow":["GET"]}}],"collection":[{"href":"https:\/\/portal.fgeo.gob.mx\/index.php\/wp-json\/wp\/v2\/noticias"}],"about":[{"href":"https:\/\/portal.fgeo.gob.mx\/index.php\/wp-json\/wp\/v2\/types\/noticias"}],"author":[{"embeddable":true,"href":"https:\/\/portal.fgeo.gob.mx\/index.php\/wp-json\/wp\/v2\/users\/3"}],"replies":[{"embeddable":true,"href":"https:\/\/portal.fgeo.gob.mx\/index.php\/wp-json\/wp\/v2\/comments?post=15880"}],"wp:featuredmedia":[{"embeddable":true,"href":"https:\/\/portal.fgeo.gob.mx\/index.php\/wp-json\/"}],"wp:attachment":[{"href":"https:\/\/portal.fgeo.gob.mx\/index.php\/wp-json\/wp\/v2\/media?parent=15880"}],"wp:term":[{"taxonomy":"post_tag","embeddable":true,"href":"https:\/\/portal.fgeo.gob.mx\/index.php\/wp-json\/wp\/v2\/tags?post=15880"},{"taxonomy":"categoria_noticias","embeddable":true,"href":"https:\/\/portal.fgeo.gob.mx\/index.php\/wp-json\/wp\/v2\/categoria_noticias?post=15880"}],"curies":[{"name":"wp","href":"https:\/\/api.w.org\/{rel}","templated":true}]}}