{"id":15878,"date":"2023-11-22T09:48:50","date_gmt":"2023-11-22T15:48:50","guid":{"rendered":"https:\/\/fge.oaxaca.gob.mx\/?post_type=noticias&amp;p=5451"},"modified":"2023-11-22T09:48:50","modified_gmt":"2023-11-22T15:48:50","slug":"ejecuta-fgeo-orden-de-aprehension-por-violencia-familiar-en-el-istmo","status":"publish","type":"noticias","link":"https:\/\/portal.fgeo.gob.mx\/index.php\/archivos\/noticias\/ejecuta-fgeo-orden-de-aprehension-por-violencia-familiar-en-el-istmo","title":{"rendered":"Ejecuta FGEO orden de aprehensi\u00f3n por violencia familiar en el Istmo"},"content":{"rendered":"<p dir=\"ltr\" style=\"text-align: justify;\">\n<b>Oaxaca de Ju\u00e1rez, Oax., a 17 de noviembre de 2023. &#8211; <\/b>La Fiscal\u00eda General del Estado de Oaxaca (FGEO) ejecut\u00f3 una orden de aprehensi\u00f3n contra un hombre identificado como R.A.G.O. por el delito de violencia familiar, cometido en la regi\u00f3n del Istmo de Tehuantepec.<\/p>\n<p style=\"text-align: justify;\">\n<p dir=\"ltr\" style=\"text-align: justify;\">\nDe acuerdo con la causa penal, los hechos ocurrieron en diferentes fechas de septiembre de 2022, pero el 22 de ese mes, el imputado y la v\u00edctima identificada como J.N.D.M. se encontraban en el interior de un negocio en donde R.A.G.O. habr\u00eda agredido f\u00edsicamente a la v\u00edctima, adem\u00e1s de que presumiblemente intentar ahorcarla.<\/p>\n<p style=\"text-align: justify;\">\n<p dir=\"ltr\" style=\"text-align: justify;\">\nLa instituci\u00f3n procuradora de justicia puntualiz\u00f3 que la v\u00edctima falleci\u00f3 luego de ser atropellada en calles de Santo Domingo Tehuantepec, por lo que inici\u00f3 una investigaci\u00f3n con perspectiva de g\u00e9nero en la que se aplic\u00f3 el \u201cProtocolo Ministerial, Policial y Pericial del Delito de Feminicidio\u201d, y durante la indagatoria para conocer el contexto del caso se pudo establecer que el imputado R.A.G.O. probablemente ejerc\u00eda violencia sobre la v\u00edctima.<\/p>\n<p style=\"text-align: justify;\">\n<p dir=\"ltr\" style=\"text-align: justify;\">\nDebido a esto la Fiscal\u00eda General del Estado tom\u00f3 conocimiento del caso a trav\u00e9s de la Vicefiscal\u00eda Regional del Istmo, la cual por medio de su Unidad de G\u00e9nero realiz\u00f3 las investigaciones correspondientes y presentaron ante el Juez las pruebas del caso, quien despu\u00e9s de evaluarlas emiti\u00f3 la orden de aprehensi\u00f3n correspondiente en contra de R.A.G.O. por el delito de violencia familiar.<\/p>\n<p style=\"text-align: justify;\">\n<p dir=\"ltr\" style=\"text-align: justify;\">\nTras la detenci\u00f3n del imputado R.A.G.O., fue trasladado a Santo Domingo Tehuantepec en donde fue puesto a disposici\u00f3n de las autoridades correspondientes, quienes determinaron la legalidad de la detenci\u00f3n e impusieron la medida cautelar de prisi\u00f3n preventiva justificada, mientras se determina su situaci\u00f3n jur\u00eddica.\n<\/p>\n<p style=\"text-align: justify;\">\n<p dir=\"ltr\" style=\"text-align: justify;\">\nFinalmente, la Fiscal\u00eda General del Estado de Oaxaca en los casos de delitos de violencia contra las mujeres realiza las investigaciones con perspectiva de g\u00e9nero, esto con el objetivo de brindar a las v\u00edctimas directas e indirectas un adecuado acceso a la procuraci\u00f3n de justicia.<\/p>\n","protected":false},"author":3,"featured_media":3175,"comment_status":"closed","ping_status":"closed","template":"","tags":[],"categoria_noticias":[],"class_list":["post-15878","noticias","type-noticias","status-publish","has-post-thumbnail","hentry"],"acf":[],"mb":[],"mfb_rest_fields":["title","gutenberg_elementor_mode"],"_links":{"self":[{"href":"https:\/\/portal.fgeo.gob.mx\/index.php\/wp-json\/wp\/v2\/noticias\/15878","targetHints":{"allow":["GET"]}}],"collection":[{"href":"https:\/\/portal.fgeo.gob.mx\/index.php\/wp-json\/wp\/v2\/noticias"}],"about":[{"href":"https:\/\/portal.fgeo.gob.mx\/index.php\/wp-json\/wp\/v2\/types\/noticias"}],"author":[{"embeddable":true,"href":"https:\/\/portal.fgeo.gob.mx\/index.php\/wp-json\/wp\/v2\/users\/3"}],"replies":[{"embeddable":true,"href":"https:\/\/portal.fgeo.gob.mx\/index.php\/wp-json\/wp\/v2\/comments?post=15878"}],"wp:featuredmedia":[{"embeddable":true,"href":"https:\/\/portal.fgeo.gob.mx\/index.php\/wp-json\/"}],"wp:attachment":[{"href":"https:\/\/portal.fgeo.gob.mx\/index.php\/wp-json\/wp\/v2\/media?parent=15878"}],"wp:term":[{"taxonomy":"post_tag","embeddable":true,"href":"https:\/\/portal.fgeo.gob.mx\/index.php\/wp-json\/wp\/v2\/tags?post=15878"},{"taxonomy":"categoria_noticias","embeddable":true,"href":"https:\/\/portal.fgeo.gob.mx\/index.php\/wp-json\/wp\/v2\/categoria_noticias?post=15878"}],"curies":[{"name":"wp","href":"https:\/\/api.w.org\/{rel}","templated":true}]}}