{"id":15877,"date":"2023-11-22T09:47:00","date_gmt":"2023-11-22T15:47:00","guid":{"rendered":"https:\/\/fge.oaxaca.gob.mx\/?post_type=noticias&amp;p=5450"},"modified":"2023-11-22T09:47:00","modified_gmt":"2023-11-22T15:47:00","slug":"fiscalia-de-oaxaca-obtiene-vinculacion-a-proceso-contra-imputado-por-homicidio-cometido-en-la-mixteca","status":"publish","type":"noticias","link":"https:\/\/portal.fgeo.gob.mx\/index.php\/archivos\/noticias\/fiscalia-de-oaxaca-obtiene-vinculacion-a-proceso-contra-imputado-por-homicidio-cometido-en-la-mixteca","title":{"rendered":"Fiscal\u00eda de Oaxaca obtiene vinculaci\u00f3n a proceso contra imputado por homicidio cometido en la Mixteca"},"content":{"rendered":"<p dir=\"ltr\" style=\"text-align: justify;\">\n<b>Oaxaca de Ju\u00e1rez, Oax., a 16 de noviembre de 2023. &#8211; <\/b>Como resultado de una inmediata y expedita investigaci\u00f3n ministerial a cargo de la Fiscal\u00eda General del Estado de Oaxaca (FGEO) se obtuvo el auto de vinculaci\u00f3n a proceso y prisi\u00f3n preventiva en contra de L. V. R., por el homicidio de su hijo, ocurrido en la regi\u00f3n de la Mixteca.<\/p>\n<p style=\"text-align: justify;\">\n<p dir=\"ltr\" style=\"text-align: justify;\">\nLos hechos ocurrieron el pasado 7 de noviembre de 2023, cuando la v\u00edctima identificada como C. S. V. T. se encontraba con su agresor cuando ocurri\u00f3 un altercado en el municipio de San Jorge Nuchita y posteriormente le dispararon, infligiendo lesiones que terminaron con su vida.<\/p>\n<p style=\"text-align: justify;\">\n<p dir=\"ltr\" style=\"text-align: justify;\">\nLa FGEO tom\u00f3 conocimiento del caso, por lo que se iniciaron las investigaciones correspondientes a trav\u00e9s de la Vicefiscal\u00eda Regional de la Mixteca que obtuvo la orden de aprehensi\u00f3n que fue ejecutada por elementos de la Agencia Estatal de Investigaciones (AEI).<\/p>\n<p style=\"text-align: justify;\">\n<p dir=\"ltr\" style=\"text-align: justify;\">\nLuego que la Fiscal\u00eda detuvo a L. V. R., este fue puesto a disposici\u00f3n del Juez que atiende la causa, quien despu\u00e9s de evaluar los datos de prueba recabados por el Ministerio P\u00fablico, dict\u00f3 auto de vinculaci\u00f3n a proceso por el delito de Homicidio Calificado con Ventaja, adem\u00e1s que le impusieron prisi\u00f3n preventiva y otorg\u00f3 dos meses para el cierre de la investigaci\u00f3n complementaria.<\/p>\n<p style=\"text-align: justify;\">\n<p dir=\"ltr\" style=\"text-align: justify;\">\nLa actuaci\u00f3n inmediata por parte de la Fiscal\u00eda de Oaxaca deriva del trabajo realizado por los equipos multidisciplinarios que intervienen en el inicio de los procesos de procuraci\u00f3n de justicia a favor de las v\u00edctimas.<\/p>\n","protected":false},"author":3,"featured_media":3175,"comment_status":"closed","ping_status":"closed","template":"","tags":[],"categoria_noticias":[],"class_list":["post-15877","noticias","type-noticias","status-publish","has-post-thumbnail","hentry"],"acf":[],"mb":[],"mfb_rest_fields":["title","gutenberg_elementor_mode"],"_links":{"self":[{"href":"https:\/\/portal.fgeo.gob.mx\/index.php\/wp-json\/wp\/v2\/noticias\/15877","targetHints":{"allow":["GET"]}}],"collection":[{"href":"https:\/\/portal.fgeo.gob.mx\/index.php\/wp-json\/wp\/v2\/noticias"}],"about":[{"href":"https:\/\/portal.fgeo.gob.mx\/index.php\/wp-json\/wp\/v2\/types\/noticias"}],"author":[{"embeddable":true,"href":"https:\/\/portal.fgeo.gob.mx\/index.php\/wp-json\/wp\/v2\/users\/3"}],"replies":[{"embeddable":true,"href":"https:\/\/portal.fgeo.gob.mx\/index.php\/wp-json\/wp\/v2\/comments?post=15877"}],"wp:featuredmedia":[{"embeddable":true,"href":"https:\/\/portal.fgeo.gob.mx\/index.php\/wp-json\/"}],"wp:attachment":[{"href":"https:\/\/portal.fgeo.gob.mx\/index.php\/wp-json\/wp\/v2\/media?parent=15877"}],"wp:term":[{"taxonomy":"post_tag","embeddable":true,"href":"https:\/\/portal.fgeo.gob.mx\/index.php\/wp-json\/wp\/v2\/tags?post=15877"},{"taxonomy":"categoria_noticias","embeddable":true,"href":"https:\/\/portal.fgeo.gob.mx\/index.php\/wp-json\/wp\/v2\/categoria_noticias?post=15877"}],"curies":[{"name":"wp","href":"https:\/\/api.w.org\/{rel}","templated":true}]}}