{"id":15875,"date":"2023-11-22T09:38:38","date_gmt":"2023-11-22T15:38:38","guid":{"rendered":"https:\/\/fge.oaxaca.gob.mx\/?post_type=noticias&amp;p=5448"},"modified":"2023-11-22T09:38:38","modified_gmt":"2023-11-22T15:38:38","slug":"inicia-fgeo-carpetas-de-investigacion-por-envenenamiento-de-perros-ocurrido-en-la-costa","status":"publish","type":"noticias","link":"https:\/\/portal.fgeo.gob.mx\/index.php\/archivos\/noticias\/inicia-fgeo-carpetas-de-investigacion-por-envenenamiento-de-perros-ocurrido-en-la-costa","title":{"rendered":"Inicia FGEO carpetas de investigaci\u00f3n por envenenamiento de perros ocurrido en la Costa"},"content":{"rendered":"<p dir=\"ltr\" style=\"text-align: justify;\">\n<b>Oaxaca de Ju\u00e1rez, Oax., a 15 de noviembre de 2023. &#8211; <\/b>En atenci\u00f3n a las pol\u00edticas de prevenci\u00f3n y sanci\u00f3n a la violencia contra los animales, la Fiscal\u00eda General del Estado de Oaxaca (FGEO) inici\u00f3 dos carpetas de investigaci\u00f3n por los delitos de Privaci\u00f3n de la Vida de Animal Vertebrado y Crueldad Animal y Agon\u00eda, luego del envenenamiento presumiblemente intencional de dos perros, hechos ocurridos en la regi\u00f3n de la Costa.<\/p>\n<p style=\"text-align: justify;\">\n<p dir=\"ltr\" style=\"text-align: justify;\">\nDe acuerdo con la declaraci\u00f3n del propietario de los animales afectados, sali\u00f3 a pasear con sus perros por calles del Sector Reforma D, de Puerto Escondido, en el municipio San Pedro Mixtepec, cuando en su ruta, los animales encontraron comida en y la ingirieron.<\/p>\n<p style=\"text-align: justify;\">\n<p dir=\"ltr\" style=\"text-align: justify;\">\nAl volver a casa, los canes sufrieron convulsiones y dos de ellos murieron, mientras que otro result\u00f3 afectado y fue ingresado al veterinario, por lo que acudi\u00f3 ante la Fiscal\u00eda del Estado.<\/p>\n<p style=\"text-align: justify;\">\n<p dir=\"ltr\" style=\"text-align: justify;\">\nLa Vicefiscal\u00eda Regional de la Costa atendi\u00f3 el caso e inici\u00f3 la carpeta de investigaci\u00f3n 38791\/FCOS\/ PUERTO\/2023 por el delito de Privaci\u00f3n de la Vida de Animal Vertebrado y la carpeta 38789\/FCOS\/PUERTO\/2023 por Crueldad Animal y Agon\u00eda.<\/p>\n<p style=\"text-align: justify;\">\n<p dir=\"ltr\" style=\"text-align: justify;\">\nAdem\u00e1s, que la FGEO realiz\u00f3 los trabajos periciales y ministeriales necesarios para fortalecer las indagatorias en torno al hecho.<\/p>\n<p style=\"text-align: justify;\">\n<p dir=\"ltr\" style=\"text-align: justify;\">\nLa Fiscal\u00eda de Oaxaca atiende las denuncias por cualquier tipo de maltrato animal como parte de la estrategia integral de prevenci\u00f3n del delito al entender este fen\u00f3meno como la antesala de la violencia social.<\/p>\n","protected":false},"author":3,"featured_media":3175,"comment_status":"closed","ping_status":"closed","template":"","tags":[],"categoria_noticias":[],"class_list":["post-15875","noticias","type-noticias","status-publish","has-post-thumbnail","hentry"],"acf":[],"mb":[],"mfb_rest_fields":["title","gutenberg_elementor_mode"],"_links":{"self":[{"href":"https:\/\/portal.fgeo.gob.mx\/index.php\/wp-json\/wp\/v2\/noticias\/15875","targetHints":{"allow":["GET"]}}],"collection":[{"href":"https:\/\/portal.fgeo.gob.mx\/index.php\/wp-json\/wp\/v2\/noticias"}],"about":[{"href":"https:\/\/portal.fgeo.gob.mx\/index.php\/wp-json\/wp\/v2\/types\/noticias"}],"author":[{"embeddable":true,"href":"https:\/\/portal.fgeo.gob.mx\/index.php\/wp-json\/wp\/v2\/users\/3"}],"replies":[{"embeddable":true,"href":"https:\/\/portal.fgeo.gob.mx\/index.php\/wp-json\/wp\/v2\/comments?post=15875"}],"wp:featuredmedia":[{"embeddable":true,"href":"https:\/\/portal.fgeo.gob.mx\/index.php\/wp-json\/"}],"wp:attachment":[{"href":"https:\/\/portal.fgeo.gob.mx\/index.php\/wp-json\/wp\/v2\/media?parent=15875"}],"wp:term":[{"taxonomy":"post_tag","embeddable":true,"href":"https:\/\/portal.fgeo.gob.mx\/index.php\/wp-json\/wp\/v2\/tags?post=15875"},{"taxonomy":"categoria_noticias","embeddable":true,"href":"https:\/\/portal.fgeo.gob.mx\/index.php\/wp-json\/wp\/v2\/categoria_noticias?post=15875"}],"curies":[{"name":"wp","href":"https:\/\/api.w.org\/{rel}","templated":true}]}}