{"id":15873,"date":"2023-11-22T09:31:54","date_gmt":"2023-11-22T15:31:54","guid":{"rendered":"https:\/\/fge.oaxaca.gob.mx\/?post_type=noticias&amp;p=5445"},"modified":"2023-11-22T09:31:54","modified_gmt":"2023-11-22T15:31:54","slug":"por-secuestro-fiscalia-de-oaxaca-ejecuta-orden-de-aprehension-en-coordinacion-con-institucion-homologa-de-puebla","status":"publish","type":"noticias","link":"https:\/\/portal.fgeo.gob.mx\/index.php\/archivos\/noticias\/por-secuestro-fiscalia-de-oaxaca-ejecuta-orden-de-aprehension-en-coordinacion-con-institucion-homologa-de-puebla","title":{"rendered":"Por secuestro, Fiscal\u00eda de Oaxaca ejecuta orden de aprehensi\u00f3n, en coordinaci\u00f3n con instituci\u00f3n hom\u00f3loga de Puebla"},"content":{"rendered":"<p dir=\"ltr\" style=\"text-align: justify;\">\n<b>Oaxaca de Ju\u00e1rez, Oax., a 14 de noviembre de 2023. &#8211; <\/b>El trabajo de seguridad regional y la efectiva colaboraci\u00f3n interinstitucional en materia de combate al secuestro, permiti\u00f3 a la Fiscal\u00eda General del Estado de Oaxaca (FGEO) ejecutar una orden de aprehensi\u00f3n en contra de una persona del sexo masculino identificada como M. R. C., alias \u201cEl Mochila\u201d, por los delitos de Secuestro y Asociaci\u00f3n Delictuosa, cometidos en el estado de Puebla.<\/p>\n<p style=\"text-align: justify;\">\n<p dir=\"ltr\" style=\"text-align: justify;\">\nLuego que la FGEO estableci\u00f3 contacto directo con la Fiscal\u00eda General del Estado de Puebla, a trav\u00e9s de la Unidad Especializada de Investigaci\u00f3n de Secuestro y Extorsi\u00f3n, se tuvo conocimiento que M. R. C., alias \u201cEl Mochila\u201d estaba en la Heroica Ciudad de Tlaxiaco.<\/p>\n<p style=\"text-align: justify;\">\n<p dir=\"ltr\" style=\"text-align: justify;\">\nDerivado del proceso Penal 360\/1995, por la comisi\u00f3n de los delitos antes mencionados, se estableci\u00f3 el convenio de colaboraci\u00f3n entre las dos Fiscal\u00edas, por lo que elementos de la Agencia Estatal de Investigaciones (AEI) de Oaxaca dieron con el paradero de la persona imputada.<\/p>\n<p style=\"text-align: justify;\">\n<p dir=\"ltr\" style=\"text-align: justify;\">\nTras lo cual, detuvieron al imputado para dar cumplimiento al mandato judicial, para posteriormente trasladarlo a las oficinas de la Fiscal\u00eda Local de Tlaxiaco, para realizar los tr\u00e1mites pertinentes, para su posterior entrega a las autoridades correspondientes de Puebla.<\/p>\n","protected":false},"author":3,"featured_media":3175,"comment_status":"closed","ping_status":"closed","template":"","tags":[],"categoria_noticias":[],"class_list":["post-15873","noticias","type-noticias","status-publish","has-post-thumbnail","hentry"],"acf":[],"mb":[],"mfb_rest_fields":["title","gutenberg_elementor_mode"],"_links":{"self":[{"href":"https:\/\/portal.fgeo.gob.mx\/index.php\/wp-json\/wp\/v2\/noticias\/15873","targetHints":{"allow":["GET"]}}],"collection":[{"href":"https:\/\/portal.fgeo.gob.mx\/index.php\/wp-json\/wp\/v2\/noticias"}],"about":[{"href":"https:\/\/portal.fgeo.gob.mx\/index.php\/wp-json\/wp\/v2\/types\/noticias"}],"author":[{"embeddable":true,"href":"https:\/\/portal.fgeo.gob.mx\/index.php\/wp-json\/wp\/v2\/users\/3"}],"replies":[{"embeddable":true,"href":"https:\/\/portal.fgeo.gob.mx\/index.php\/wp-json\/wp\/v2\/comments?post=15873"}],"wp:featuredmedia":[{"embeddable":true,"href":"https:\/\/portal.fgeo.gob.mx\/index.php\/wp-json\/"}],"wp:attachment":[{"href":"https:\/\/portal.fgeo.gob.mx\/index.php\/wp-json\/wp\/v2\/media?parent=15873"}],"wp:term":[{"taxonomy":"post_tag","embeddable":true,"href":"https:\/\/portal.fgeo.gob.mx\/index.php\/wp-json\/wp\/v2\/tags?post=15873"},{"taxonomy":"categoria_noticias","embeddable":true,"href":"https:\/\/portal.fgeo.gob.mx\/index.php\/wp-json\/wp\/v2\/categoria_noticias?post=15873"}],"curies":[{"name":"wp","href":"https:\/\/api.w.org\/{rel}","templated":true}]}}