{"id":15872,"date":"2023-11-21T16:10:49","date_gmt":"2023-11-21T22:10:49","guid":{"rendered":"https:\/\/fge.oaxaca.gob.mx\/?post_type=noticias&amp;p=5443"},"modified":"2023-11-21T16:10:49","modified_gmt":"2023-11-21T22:10:49","slug":"en-prision-y-vinculado-a-proceso-imputado-por-homicidio-cometido-en-la-sierra-de-flores-magon","status":"publish","type":"noticias","link":"https:\/\/portal.fgeo.gob.mx\/index.php\/archivos\/noticias\/en-prision-y-vinculado-a-proceso-imputado-por-homicidio-cometido-en-la-sierra-de-flores-magon","title":{"rendered":"En prisi\u00f3n y vinculado a proceso, imputado por Homicidio cometido en la Sierra de Flores Mag\u00f3n"},"content":{"rendered":"<p dir=\"ltr\" style=\"text-align: justify;\">\n<b>Oaxaca de Ju\u00e1rez, Oax., a 13 de noviembre de 2023. &#8211; <\/b>La Fiscal\u00eda General del Estado de Oaxaca (FGEO) obtuvo auto de vinculaci\u00f3n a proceso en contra de una persona identificada como H.C.R., imputada por el delito de Homicidio, cometido en agravio de un hombre -J.C.R.-, por hechos ocurridos en la regi\u00f3n de la Sierra de Flores Mag\u00f3n.<\/p>\n<p style=\"text-align: justify;\">\n<p dir=\"ltr\" style=\"text-align: justify;\">\nDe acuerdo con el expediente penal, el 26 de octubre de 2023, la v\u00edctima y el imputado regresaban a sus domicilios, en Piedra de Fierro, Santa Mar\u00eda Chilchotla, cuando el agresor golpe\u00f3 en varias veces a la v\u00edctima, lesiones que le provocaron la muerte.<\/p>\n<p style=\"text-align: justify;\">\n<p dir=\"ltr\" style=\"text-align: justify;\">\nCuando la FGEO tuvo conocimiento de los sucesos, el caso qued\u00f3 a cargo de la Vicefiscal\u00eda General de Control Regional, la cual inici\u00f3 las investigaciones, por lo que despleg\u00f3 un equipo multidisciplinario que proces\u00f3 la escena del crimen, para tener certeza respecto a las investigaciones en torno a este homicidio.<\/p>\n<p style=\"text-align: justify;\">\n<p dir=\"ltr\" style=\"text-align: justify;\">\nDerivado de las indagatorias, se establecieron s\u00f3lidas l\u00edneas de investigaci\u00f3n, por lo cual se libr\u00f3 la orden de aprehensi\u00f3n que fue ejecutada por elementos de la Agencia Estatal de Investigaciones (AEI) en contra del imputado H.C.R., quien fue puesto a disposici\u00f3n del Juez de Control del Circuito Judicial, con sede en la Ca\u00f1ada, el cual dict\u00f3 auto de vinculaci\u00f3n a proceso por el delito de homicidio, imponi\u00e9ndole prisi\u00f3n preventiva y otorg\u00e1ndole 2 meses para el cierre de la investigaci\u00f3n.<\/p>\n<p style=\"text-align: justify;\">\n<p dir=\"ltr\" style=\"text-align: justify;\">\nEl empleo de protocolos y la aplicaci\u00f3n de t\u00e9cnicas cient\u00edficas en las investigaciones de cr\u00edmenes, permiten a la Fiscal\u00eda de Oaxaca tener certeza en los trabajos de procuraci\u00f3n de justicia en el estado.<\/p>\n","protected":false},"author":3,"featured_media":3175,"comment_status":"closed","ping_status":"closed","template":"","tags":[],"categoria_noticias":[],"class_list":["post-15872","noticias","type-noticias","status-publish","has-post-thumbnail","hentry"],"acf":[],"mb":[],"mfb_rest_fields":["title","gutenberg_elementor_mode"],"_links":{"self":[{"href":"https:\/\/portal.fgeo.gob.mx\/index.php\/wp-json\/wp\/v2\/noticias\/15872","targetHints":{"allow":["GET"]}}],"collection":[{"href":"https:\/\/portal.fgeo.gob.mx\/index.php\/wp-json\/wp\/v2\/noticias"}],"about":[{"href":"https:\/\/portal.fgeo.gob.mx\/index.php\/wp-json\/wp\/v2\/types\/noticias"}],"author":[{"embeddable":true,"href":"https:\/\/portal.fgeo.gob.mx\/index.php\/wp-json\/wp\/v2\/users\/3"}],"replies":[{"embeddable":true,"href":"https:\/\/portal.fgeo.gob.mx\/index.php\/wp-json\/wp\/v2\/comments?post=15872"}],"wp:featuredmedia":[{"embeddable":true,"href":"https:\/\/portal.fgeo.gob.mx\/index.php\/wp-json\/"}],"wp:attachment":[{"href":"https:\/\/portal.fgeo.gob.mx\/index.php\/wp-json\/wp\/v2\/media?parent=15872"}],"wp:term":[{"taxonomy":"post_tag","embeddable":true,"href":"https:\/\/portal.fgeo.gob.mx\/index.php\/wp-json\/wp\/v2\/tags?post=15872"},{"taxonomy":"categoria_noticias","embeddable":true,"href":"https:\/\/portal.fgeo.gob.mx\/index.php\/wp-json\/wp\/v2\/categoria_noticias?post=15872"}],"curies":[{"name":"wp","href":"https:\/\/api.w.org\/{rel}","templated":true}]}}