{"id":15871,"date":"2023-11-21T16:09:05","date_gmt":"2023-11-21T22:09:05","guid":{"rendered":"https:\/\/fge.oaxaca.gob.mx\/?post_type=noticias&amp;p=5442"},"modified":"2023-11-21T16:09:05","modified_gmt":"2023-11-21T22:09:05","slug":"fiscalia-de-oaxaca-obtiene-vinculacion-a-proceso-y-prision-preventiva-por-feminicidio-cometido-en-la-cuenca","status":"publish","type":"noticias","link":"https:\/\/portal.fgeo.gob.mx\/index.php\/archivos\/noticias\/fiscalia-de-oaxaca-obtiene-vinculacion-a-proceso-y-prision-preventiva-por-feminicidio-cometido-en-la-cuenca","title":{"rendered":"Fiscal\u00eda de Oaxaca obtiene vinculaci\u00f3n a proceso y prisi\u00f3n preventiva por Feminicidio cometido en la Cuenca"},"content":{"rendered":"<p dir=\"ltr\" style=\"text-align: justify;\">\n<b>Oaxaca de Ju\u00e1rez, Oax., a 13 de noviembre de 2023. &#8211; <\/b>El trabajo en materia de g\u00e9nero que realizan las \u00e1reas especializadas de la Fiscal\u00eda General del Estado de Oaxaca (FGEO) dio como resultado la obtenci\u00f3n de un auto de vinculaci\u00f3n a proceso en contra de J. M. C., imputado por el delito de Feminicidio en agravio de su concubina, hechos ocurridos en la regi\u00f3n de la Cuenca del Papaloapan.<\/p>\n<p style=\"text-align: justify;\">\n<p dir=\"ltr\" style=\"text-align: justify;\">\nDe acuerdo con el expediente, el 25 de agosto de 2022 la v\u00edctima, identificada como R. F. C., se encontraba al interior de su domicilio, localizado en la colonia Nueva Patria, en la poblaci\u00f3n de Mar\u00eda Lombardo perteneciente al municipio de San Juan Cotzoc\u00f3n, cuando sufri\u00f3 una agresi\u00f3n por la que result\u00f3 herida, dichas lesiones le provocaron la muerte.<\/p>\n<p style=\"text-align: justify;\">\n<p dir=\"ltr\" style=\"text-align: justify;\">\nLa FGEO tom\u00f3 conocimiento del crimen e inici\u00f3 las investigaciones a trav\u00e9s de la Vicefiscal\u00eda Regional de la Cuenca, la cual despleg\u00f3 un equipo multidisciplinario especializado en delitos contra la mujer por raz\u00f3n de g\u00e9nero, que se encarg\u00f3 de efectuar las diligencias iniciales.<\/p>\n<p style=\"text-align: justify;\">\n<p dir=\"ltr\" style=\"text-align: justify;\">\nDerivado de las indagatorias, se obtuvo una orden de aprehensi\u00f3n que fue ejecutada por elementos de la Agencia Estatal de Investigaciones (AEI) que detuvieron a J. M. C.<\/p>\n<p style=\"text-align: justify;\">\n<p dir=\"ltr\" style=\"text-align: justify;\">\nLuego de presentar las pruebas contra el imputado, el Juez que atiende la causa dict\u00f3 auto de vinculaci\u00f3n a proceso en contra del imputado por el delito de Feminicidio, adem\u00e1s que impuso prisi\u00f3n preventiva justificada y concedi\u00f3 tres meses para el cierre de la investigaci\u00f3n complementaria.<\/p>\n<p style=\"text-align: justify;\">\n<p dir=\"ltr\" style=\"text-align: justify;\">\nLa Fiscal\u00eda de Oaxaca pone especial \u00e9nfasis en los delitos contra la mujer por raz\u00f3n de g\u00e9nero para garantizar una vida sin violencia, pues este tipo de agresiones, en gran medida, se generan al interior del nicho familiar.<\/p>\n","protected":false},"author":3,"featured_media":3175,"comment_status":"closed","ping_status":"closed","template":"","tags":[],"categoria_noticias":[],"class_list":["post-15871","noticias","type-noticias","status-publish","has-post-thumbnail","hentry"],"acf":[],"mb":[],"mfb_rest_fields":["title","gutenberg_elementor_mode"],"_links":{"self":[{"href":"https:\/\/portal.fgeo.gob.mx\/index.php\/wp-json\/wp\/v2\/noticias\/15871","targetHints":{"allow":["GET"]}}],"collection":[{"href":"https:\/\/portal.fgeo.gob.mx\/index.php\/wp-json\/wp\/v2\/noticias"}],"about":[{"href":"https:\/\/portal.fgeo.gob.mx\/index.php\/wp-json\/wp\/v2\/types\/noticias"}],"author":[{"embeddable":true,"href":"https:\/\/portal.fgeo.gob.mx\/index.php\/wp-json\/wp\/v2\/users\/3"}],"replies":[{"embeddable":true,"href":"https:\/\/portal.fgeo.gob.mx\/index.php\/wp-json\/wp\/v2\/comments?post=15871"}],"wp:featuredmedia":[{"embeddable":true,"href":"https:\/\/portal.fgeo.gob.mx\/index.php\/wp-json\/"}],"wp:attachment":[{"href":"https:\/\/portal.fgeo.gob.mx\/index.php\/wp-json\/wp\/v2\/media?parent=15871"}],"wp:term":[{"taxonomy":"post_tag","embeddable":true,"href":"https:\/\/portal.fgeo.gob.mx\/index.php\/wp-json\/wp\/v2\/tags?post=15871"},{"taxonomy":"categoria_noticias","embeddable":true,"href":"https:\/\/portal.fgeo.gob.mx\/index.php\/wp-json\/wp\/v2\/categoria_noticias?post=15871"}],"curies":[{"name":"wp","href":"https:\/\/api.w.org\/{rel}","templated":true}]}}