{"id":15868,"date":"2023-11-21T15:57:51","date_gmt":"2023-11-21T21:57:51","guid":{"rendered":"https:\/\/fge.oaxaca.gob.mx\/?post_type=noticias&amp;p=5438"},"modified":"2023-11-21T15:57:51","modified_gmt":"2023-11-21T21:57:51","slug":"fiscalia-de-oaxaca-ejecuta-orden-de-aprehension-por-homicidio-cometido-en-la-zona-mixe","status":"publish","type":"noticias","link":"https:\/\/portal.fgeo.gob.mx\/index.php\/archivos\/noticias\/fiscalia-de-oaxaca-ejecuta-orden-de-aprehension-por-homicidio-cometido-en-la-zona-mixe","title":{"rendered":"Fiscal\u00eda de Oaxaca ejecuta orden de aprehensi\u00f3n por homicidio cometido en la zona Mixe"},"content":{"rendered":"<p dir=\"ltr\" style=\"text-align: justify;\">\n<b>Oaxaca de Ju\u00e1rez, Oax., a 09 de noviembre de 2023. &#8211; <\/b>La investigaci\u00f3n ministerial realizada por la Fiscal\u00eda General del Estado de Oaxaca (FGEO) permiti\u00f3 ejecutar una orden de aprehensi\u00f3n en contra de una persona del sexo masculino identificada como F. G. A., por el delito de Homicidio cometido en la zona Mixe del estado.<\/p>\n<p style=\"text-align: justify;\">\n<p dir=\"ltr\" style=\"text-align: justify;\">\nLos hechos ocurrieron el 4 de febrero de 2023, cuando la v\u00edctima, un hombre identificado como D. M. P. estaba en un domicilio particular localizado en el barrio San Francisco de municipio de Santo Domingo Tepuxtepec, a donde lleg\u00f3 su agresor propin\u00e1ndole un golpe con un le\u00f1o, infligiendo lesiones que le provocaron la muerte.<\/p>\n<p style=\"text-align: justify;\">\n<p dir=\"ltr\" style=\"text-align: justify;\">\nLa Fiscal\u00eda de Oaxaca intervino de manera inmediata para iniciar las investigaciones en torno al caso, que corren a cargo de la Direcci\u00f3n de Averiguaciones Previas y Procesos, por lo que despleg\u00f3 un equipo multidisciplinario para efectuar los trabajos iniciales en el lugar del delito.<\/p>\n<p style=\"text-align: justify;\">\n<p dir=\"ltr\" style=\"text-align: justify;\">\nComo resultado de las labores ministeriales, la FGEO obtuvo una orden de aprehensi\u00f3n por lo que elementos de la Agencia Estatal de Investigaciones (AEI) dieron cumplimiento al mandato judicial y detuvieron a F. G. A. quien ser\u00e1 puesto a disposici\u00f3n de la autoridad correspondiente para determinar su situaci\u00f3n jur\u00eddica.<\/p>\n<p style=\"text-align: justify;\">\n<p dir=\"ltr\" style=\"text-align: justify;\">\nLa Fiscal\u00eda de Oaxaca tiene el compromiso de realizar trabajos ministeriales minuciosos y con estricto apego a la ley para que las v\u00edctimas directas e indirectas tengan pleno acceso a la justicia por lo que emplean t\u00e9cnicas cient\u00edficas para tener certezas sobre la forma en que ocurre un delito.<\/p>\n","protected":false},"author":3,"featured_media":3175,"comment_status":"closed","ping_status":"closed","template":"","tags":[],"categoria_noticias":[],"class_list":["post-15868","noticias","type-noticias","status-publish","has-post-thumbnail","hentry"],"acf":[],"mb":[],"mfb_rest_fields":["title","gutenberg_elementor_mode"],"_links":{"self":[{"href":"https:\/\/portal.fgeo.gob.mx\/index.php\/wp-json\/wp\/v2\/noticias\/15868","targetHints":{"allow":["GET"]}}],"collection":[{"href":"https:\/\/portal.fgeo.gob.mx\/index.php\/wp-json\/wp\/v2\/noticias"}],"about":[{"href":"https:\/\/portal.fgeo.gob.mx\/index.php\/wp-json\/wp\/v2\/types\/noticias"}],"author":[{"embeddable":true,"href":"https:\/\/portal.fgeo.gob.mx\/index.php\/wp-json\/wp\/v2\/users\/3"}],"replies":[{"embeddable":true,"href":"https:\/\/portal.fgeo.gob.mx\/index.php\/wp-json\/wp\/v2\/comments?post=15868"}],"wp:featuredmedia":[{"embeddable":true,"href":"https:\/\/portal.fgeo.gob.mx\/index.php\/wp-json\/"}],"wp:attachment":[{"href":"https:\/\/portal.fgeo.gob.mx\/index.php\/wp-json\/wp\/v2\/media?parent=15868"}],"wp:term":[{"taxonomy":"post_tag","embeddable":true,"href":"https:\/\/portal.fgeo.gob.mx\/index.php\/wp-json\/wp\/v2\/tags?post=15868"},{"taxonomy":"categoria_noticias","embeddable":true,"href":"https:\/\/portal.fgeo.gob.mx\/index.php\/wp-json\/wp\/v2\/categoria_noticias?post=15868"}],"curies":[{"name":"wp","href":"https:\/\/api.w.org\/{rel}","templated":true}]}}