{"id":15864,"date":"2023-11-09T09:38:24","date_gmt":"2023-11-09T15:38:24","guid":{"rendered":"https:\/\/fge.oaxaca.gob.mx\/?post_type=noticias&amp;p=5432"},"modified":"2023-11-09T09:38:24","modified_gmt":"2023-11-09T15:38:24","slug":"fgeo-y-embajada-de-alemania-concluyen-proceso-formativo-dirigido-al-fortalecimiento-de-atencion-a-casos-de-violencia-de-genero","status":"publish","type":"noticias","link":"https:\/\/portal.fgeo.gob.mx\/index.php\/archivos\/noticias\/fgeo-y-embajada-de-alemania-concluyen-proceso-formativo-dirigido-al-fortalecimiento-de-atencion-a-casos-de-violencia-de-genero","title":{"rendered":"FGEO y Embajada de Alemania concluyen proceso formativo dirigido al fortalecimiento de atenci\u00f3n a casos de violencia de g\u00e9nero"},"content":{"rendered":"<p dir=\"ltr\" style=\"text-align: justify;\">\n    <b>Oaxaca de Ju\u00e1rez, Oax., a 08 de noviembre de 2023. &#8211; <\/b> La Fiscal\u00eda General del Estado de Oaxaca (FGEO) en coordinaci\u00f3n con la Agencia de Cooperaci\u00f3n Alemana y el Centro de Estudios de Justicia de las Am\u00e9ricas clausuraron el programa de capacitaci\u00f3n \u201cMejorando la persecuci\u00f3n penal en casos de violencia de g\u00e9nero en el estado de Oaxaca\u201d, esto como parte de las acciones para fortalecer el proceso de reingenier\u00eda institucional.<\/p>\n<p dir=\"ltr\" style=\"text-align: justify;\">\n        Durante la ceremonia de clausura estuvieron presentes de la Embajada de Alemania, el Jefe Adjunto de Misi\u00f3n Wolfram Von Heynitz; el Cons\u00fal Honorario, Oliver Hunkler; el director de Estudios del Centro de Estudios de Justicia de las Am\u00e9ricas, Gherman Welsch Chahu\u00e1n; as\u00ed como el director del Instituto de Formaci\u00f3n y Capacitaci\u00f3n Profesional de la FGEO, Juan Pablo Morales Garc\u00eda y la Fiscal Especializada en Atenci\u00f3n a Delitos Contra la Mujer por Raz\u00f3n de G\u00e9nero, Margarita Guzm\u00e1n Corsi.<\/p>\n<p style=\"text-align: justify;\">\n<p dir=\"ltr\" style=\"text-align: justify;\">\n    La instituci\u00f3n procuradora de justicia inform\u00f3 que este programa brind\u00f3 a las y los servidores p\u00fablicos de la instituci\u00f3n, herramientas y buenas pr\u00e1cticas para abordar, de forma m\u00e1s eficiente, casos de violencia de g\u00e9nero dentro del sistema penal.<\/p>\n<p style=\"text-align: justify;\">\n<p dir=\"ltr\" style=\"text-align: justify;\">\n    La Fiscal\u00eda General del Estado explic\u00f3 que este tipo de programas formativos buscan fomentar la empat\u00eda, sensibilidad y respeto hacia las v\u00edctimas de violencia de g\u00e9nero, lo que permitir\u00e1 promover cambios en los procesos de atenci\u00f3n, pues las y los servidores p\u00fablicos recibieron herramientas que les permitir\u00e1n aplicar en forma m\u00e1s pr\u00e1ctica la perspectiva de g\u00e9nero.<\/p>\n<p style=\"text-align: justify;\">\n<p dir=\"ltr\" style=\"text-align: justify;\">\n    Asimismo, el programa de capacitaci\u00f3n \u201cMejorando la persecuci\u00f3n penal en casos de violencia de g\u00e9nero en el estado de Oaxaca\u201d permite que el personal de la FGEO fortalezca sus capacidades de an\u00e1lisis de riesgo y lineamientos para aprovechar el marco legal y los procedimientos, con el fin de brindar mejores procedimientos de atenci\u00f3n a las necesidades de las v\u00edctimas en casos de violencia de g\u00e9nero, as\u00ed como herramientas para casos relacionados con la comunidad de la diversidad sexual.<\/p>\n<p style=\"text-align: justify;\">\n<p dir=\"ltr\" style=\"text-align: justify;\">\n    La Fiscal\u00eda General del Estado refrenda su compromiso de brindar una atenci\u00f3n de calidad y calidez a las v\u00edctimas de casos relacionadas con violencia de g\u00e9nero, por lo cual, promueve procesos de capacitaci\u00f3n que permitan que las y los servidores p\u00fablicos puedan tener herramientas que fortalezcan sus capacidades y conocimientos, esto con el objetivo de brindar mejores resultados a la ciudadan\u00eda.<\/p>\n","protected":false},"author":3,"featured_media":3175,"comment_status":"closed","ping_status":"closed","template":"","tags":[],"categoria_noticias":[],"class_list":["post-15864","noticias","type-noticias","status-publish","has-post-thumbnail","hentry"],"acf":[],"mb":[],"mfb_rest_fields":["title","gutenberg_elementor_mode"],"_links":{"self":[{"href":"https:\/\/portal.fgeo.gob.mx\/index.php\/wp-json\/wp\/v2\/noticias\/15864","targetHints":{"allow":["GET"]}}],"collection":[{"href":"https:\/\/portal.fgeo.gob.mx\/index.php\/wp-json\/wp\/v2\/noticias"}],"about":[{"href":"https:\/\/portal.fgeo.gob.mx\/index.php\/wp-json\/wp\/v2\/types\/noticias"}],"author":[{"embeddable":true,"href":"https:\/\/portal.fgeo.gob.mx\/index.php\/wp-json\/wp\/v2\/users\/3"}],"replies":[{"embeddable":true,"href":"https:\/\/portal.fgeo.gob.mx\/index.php\/wp-json\/wp\/v2\/comments?post=15864"}],"wp:featuredmedia":[{"embeddable":true,"href":"https:\/\/portal.fgeo.gob.mx\/index.php\/wp-json\/"}],"wp:attachment":[{"href":"https:\/\/portal.fgeo.gob.mx\/index.php\/wp-json\/wp\/v2\/media?parent=15864"}],"wp:term":[{"taxonomy":"post_tag","embeddable":true,"href":"https:\/\/portal.fgeo.gob.mx\/index.php\/wp-json\/wp\/v2\/tags?post=15864"},{"taxonomy":"categoria_noticias","embeddable":true,"href":"https:\/\/portal.fgeo.gob.mx\/index.php\/wp-json\/wp\/v2\/categoria_noticias?post=15864"}],"curies":[{"name":"wp","href":"https:\/\/api.w.org\/{rel}","templated":true}]}}