{"id":15862,"date":"2023-11-09T09:31:16","date_gmt":"2023-11-09T15:31:16","guid":{"rendered":"https:\/\/fge.oaxaca.gob.mx\/?post_type=noticias&amp;p=5430"},"modified":"2023-11-09T09:31:16","modified_gmt":"2023-11-09T15:31:16","slug":"por-trata-de-personas-obtiene-fiscalia-de-oaxaca-prision-preventiva-y-vinculacion-a-proceso-contra-mujer-imputada-del-delito","status":"publish","type":"noticias","link":"https:\/\/portal.fgeo.gob.mx\/index.php\/archivos\/noticias\/por-trata-de-personas-obtiene-fiscalia-de-oaxaca-prision-preventiva-y-vinculacion-a-proceso-contra-mujer-imputada-del-delito","title":{"rendered":"Por Trata de Personas, obtiene Fiscal\u00eda de Oaxaca prisi\u00f3n preventiva y vinculaci\u00f3n a proceso contra mujer imputada del delito"},"content":{"rendered":"<p dir=\"ltr\" style=\"text-align: justify;\">\n    <b>Oaxaca de Ju\u00e1rez, Oax., a 07 de noviembre de 2023. &#8211; <\/b> El trabajo con perspectiva de g\u00e9nero, as\u00ed como de infancia y adolescencia que realiza la Fiscal\u00eda General del Estado de Oaxaca (FGEO), permiti\u00f3 la obtenci\u00f3n de una vinculaci\u00f3n a proceso y prisi\u00f3n preventiva de una mujer identificada como P. L. B., alias \u201cLa Paty\u201d, imputada por el delito de Trata de Personas Agravado en contra una adolescente.<\/p>\n<p dir=\"ltr\" style=\"text-align: justify;\">\n        De acuerdo con el expediente penal, los hechos ocurrieron en la regi\u00f3n de la Costa de Oaxaca, cuando una adolescente (cuya identidad est\u00e1 reservada por ley), fue v\u00edctima de explotaci\u00f3n sexual en al menos dos ocasiones, entre enero y abril de 2021, cuando fue llevada, contra su voluntad, a un sitio ubicado en la localidad de R\u00edo Grande, en el municipio de Villa de Tututepec.<\/p>\n<p style=\"text-align: justify;\">\n<p dir=\"ltr\" style=\"text-align: justify;\">\n    Luego que la Fiscal\u00eda recibi\u00f3 la denuncia, se inici\u00f3 una investigaci\u00f3n al respecto, a cargo de la Vicefiscal\u00eda Regional de la Costa, gracias a la cual se obtuvo una orden de aprehensi\u00f3n que fue ejecutada por elementos de la Agencia Estatal de Investigaciones (AEI), lo que permiti\u00f3 la detenci\u00f3n de P. L. B., alias \u201cLa Paty\u201d, en la localidad de R\u00edo Grande, perteneciente al municipio de Villa de Tututepec de Melchor Ocampo.<\/p>\n<p style=\"text-align: justify;\">\n<p dir=\"ltr\" style=\"text-align: justify;\">\n    La FGEO present\u00f3 los datos de pruebas obtenidos de las indagatorias ante el Juez que atiende la causa, quien luego de evaluarlos, impuso la medida cautelar de prisi\u00f3n preventiva por el delito de Trata de Personas Agravado, y concedi\u00f3 tres meses para el cierre de la investigaci\u00f3n.<\/p>\n<p style=\"text-align: justify;\">\n<p dir=\"ltr\" style=\"text-align: justify;\">\n    La Fiscal\u00eda de Oaxaca prioriza los trabajos ministeriales en casos de violencia sexual contra ni\u00f1as, ni\u00f1os y adolescentes, para brindar una atenci\u00f3n integral para que las v\u00edctimas tengan pleno acceso a la justicia.   <\/p>\n","protected":false},"author":3,"featured_media":3175,"comment_status":"closed","ping_status":"closed","template":"","tags":[],"categoria_noticias":[],"class_list":["post-15862","noticias","type-noticias","status-publish","has-post-thumbnail","hentry"],"acf":[],"mb":[],"mfb_rest_fields":["title","gutenberg_elementor_mode"],"_links":{"self":[{"href":"https:\/\/portal.fgeo.gob.mx\/index.php\/wp-json\/wp\/v2\/noticias\/15862","targetHints":{"allow":["GET"]}}],"collection":[{"href":"https:\/\/portal.fgeo.gob.mx\/index.php\/wp-json\/wp\/v2\/noticias"}],"about":[{"href":"https:\/\/portal.fgeo.gob.mx\/index.php\/wp-json\/wp\/v2\/types\/noticias"}],"author":[{"embeddable":true,"href":"https:\/\/portal.fgeo.gob.mx\/index.php\/wp-json\/wp\/v2\/users\/3"}],"replies":[{"embeddable":true,"href":"https:\/\/portal.fgeo.gob.mx\/index.php\/wp-json\/wp\/v2\/comments?post=15862"}],"wp:featuredmedia":[{"embeddable":true,"href":"https:\/\/portal.fgeo.gob.mx\/index.php\/wp-json\/"}],"wp:attachment":[{"href":"https:\/\/portal.fgeo.gob.mx\/index.php\/wp-json\/wp\/v2\/media?parent=15862"}],"wp:term":[{"taxonomy":"post_tag","embeddable":true,"href":"https:\/\/portal.fgeo.gob.mx\/index.php\/wp-json\/wp\/v2\/tags?post=15862"},{"taxonomy":"categoria_noticias","embeddable":true,"href":"https:\/\/portal.fgeo.gob.mx\/index.php\/wp-json\/wp\/v2\/categoria_noticias?post=15862"}],"curies":[{"name":"wp","href":"https:\/\/api.w.org\/{rel}","templated":true}]}}