{"id":15860,"date":"2023-11-09T09:23:17","date_gmt":"2023-11-09T15:23:17","guid":{"rendered":"https:\/\/fge.oaxaca.gob.mx\/?post_type=noticias&amp;p=5428"},"modified":"2023-11-09T09:23:17","modified_gmt":"2023-11-09T15:23:17","slug":"obtiene-fgeo-vinculacion-a-proceso-de-medico-por-delito-de-abuso-sexual-agravado-cometido-en-la-costa","status":"publish","type":"noticias","link":"https:\/\/portal.fgeo.gob.mx\/index.php\/archivos\/noticias\/obtiene-fgeo-vinculacion-a-proceso-de-medico-por-delito-de-abuso-sexual-agravado-cometido-en-la-costa","title":{"rendered":"Obtiene FGEO vinculaci\u00f3n a proceso de m\u00e9dico, por delito de Abuso Sexual Agravado cometido en la Costa"},"content":{"rendered":"<p dir=\"ltr\" style=\"text-align: justify;\">\n    <b>Oaxaca de Ju\u00e1rez, Oax., a 06 de noviembre de 2023. &#8211; <\/b> La Fiscal\u00eda General del Estado de Oaxaca obtuvo la vinculaci\u00f3n a proceso contra un hombre identificado como S.M.C. por el delito de abuso sexual agravado, en hechos ocurridos en la regi\u00f3n de la Costa<\/p>\n<p dir=\"ltr\" style=\"text-align: justify;\">\n            De acuerdo con la carpeta de investigaci\u00f3n, el 2 de agosto de 2023 la v\u00edctima -M.L.C.A.- acudi\u00f3 a consulta m\u00e9dica con el imputado a una cl\u00ednica ubicada en Santa Rosa de Lima Tututepec, Juquila, Oaxaca, y mientras se encontraba recostada en una camilla para ser revisada, fue agredida sexualmente.<\/p>\n<p style=\"text-align: justify;\">\n<p dir=\"ltr\" style=\"text-align: justify;\">\n    Luego de que la v\u00edctima present\u00f3 su denuncia, la Vicefiscal\u00eda Regional de la Costa inici\u00f3 las investigaciones, a trav\u00e9s de un equipo multidisciplinario, mismo que recab\u00f3 las pruebas necesarias que permitieron obtener la orden de aprehensi\u00f3n en contra de S.M.C.<\/p>\n<p style=\"text-align: justify;\">\n<p dir=\"ltr\" style=\"text-align: justify;\">\n    El imputado qued\u00f3 a disposici\u00f3n del Juez que atiende la causa, qui\u00e9n dict\u00f3 la auto vinculaci\u00f3n a proceso por el delito de abuso sexual agravado, y otorg\u00f3 dos meses para el cierre de la investigaci\u00f3n.<\/p>\n<p style=\"text-align: justify;\">\n<p dir=\"ltr\" style=\"text-align: justify;\">\n    La Fiscal\u00eda General del Estado de Oaxaca est\u00e1 comprometida con realizar investigaciones rigurosas que permitan que las v\u00edctimas puedan tener un pleno acceso a la justicia, m\u00e1s a\u00fan cuando se trata de delitos cometidos contra sectores de atenci\u00f3n prioritaria como son las mujeres.<\/p>\n","protected":false},"author":3,"featured_media":3175,"comment_status":"closed","ping_status":"closed","template":"","tags":[],"categoria_noticias":[],"class_list":["post-15860","noticias","type-noticias","status-publish","has-post-thumbnail","hentry"],"acf":[],"mb":[],"mfb_rest_fields":["title","gutenberg_elementor_mode"],"_links":{"self":[{"href":"https:\/\/portal.fgeo.gob.mx\/index.php\/wp-json\/wp\/v2\/noticias\/15860","targetHints":{"allow":["GET"]}}],"collection":[{"href":"https:\/\/portal.fgeo.gob.mx\/index.php\/wp-json\/wp\/v2\/noticias"}],"about":[{"href":"https:\/\/portal.fgeo.gob.mx\/index.php\/wp-json\/wp\/v2\/types\/noticias"}],"author":[{"embeddable":true,"href":"https:\/\/portal.fgeo.gob.mx\/index.php\/wp-json\/wp\/v2\/users\/3"}],"replies":[{"embeddable":true,"href":"https:\/\/portal.fgeo.gob.mx\/index.php\/wp-json\/wp\/v2\/comments?post=15860"}],"wp:featuredmedia":[{"embeddable":true,"href":"https:\/\/portal.fgeo.gob.mx\/index.php\/wp-json\/"}],"wp:attachment":[{"href":"https:\/\/portal.fgeo.gob.mx\/index.php\/wp-json\/wp\/v2\/media?parent=15860"}],"wp:term":[{"taxonomy":"post_tag","embeddable":true,"href":"https:\/\/portal.fgeo.gob.mx\/index.php\/wp-json\/wp\/v2\/tags?post=15860"},{"taxonomy":"categoria_noticias","embeddable":true,"href":"https:\/\/portal.fgeo.gob.mx\/index.php\/wp-json\/wp\/v2\/categoria_noticias?post=15860"}],"curies":[{"name":"wp","href":"https:\/\/api.w.org\/{rel}","templated":true}]}}