{"id":15859,"date":"2023-11-09T09:20:23","date_gmt":"2023-11-09T15:20:23","guid":{"rendered":"https:\/\/fge.oaxaca.gob.mx\/?post_type=noticias&amp;p=5427"},"modified":"2023-11-09T09:20:23","modified_gmt":"2023-11-09T15:20:23","slug":"fiscalia-de-oaxaca-inicia-investigacion-por-homicidio-de-un-elemento-de-la-aei-localizado-en-san-agustin-de-las-juntas","status":"publish","type":"noticias","link":"https:\/\/portal.fgeo.gob.mx\/index.php\/archivos\/noticias\/fiscalia-de-oaxaca-inicia-investigacion-por-homicidio-de-un-elemento-de-la-aei-localizado-en-san-agustin-de-las-juntas","title":{"rendered":"Fiscal\u00eda de Oaxaca inicia investigaci\u00f3n por homicidio de un elemento de la AEI, localizado en San Agust\u00edn de las Juntas"},"content":{"rendered":"<p dir=\"ltr\" style=\"text-align: justify;\">\n    <b>Oaxaca de Ju\u00e1rez, Oax., a 03 de noviembre de 2023. &#8211; <\/b>  La Fiscal\u00eda General del Estado de Oaxaca (FGEO) inici\u00f3 una exhaustiva investigaci\u00f3n en torno a la comisi\u00f3n del delito de Homicidio Calificado, cometido en agravio de una persona del sexo masculino identificada por las iniciales L. G. M. J., elemento de la Agencia Estatal de Investigaciones (AEI).<\/p>\n<p dir=\"ltr\" style=\"text-align: justify;\">\n        De acuerdo con las primeras indagatorias, el cuerpo de la v\u00edctima fue localizado durante la ma\u00f1ana de este viernes 3 de noviembre, en inmediaciones del cruce de las calles Camino Real y Adolfo L\u00f3pez Mateos, en el municipio de San Agust\u00edn de las Juntas, en la Zona Metropolitana de Oaxaca, en la regi\u00f3n de los Valles Centrales; derivado de los primeros testimonios obtenidos, el hecho est\u00e1 relacionado con un conflicto interpersonal.<\/p>\n<p style=\"text-align: justify;\">\n<p dir=\"ltr\" style=\"text-align: justify;\">\n    Ante el hallazgo, la FGEO despleg\u00f3 a un equipo multidisciplinario a trav\u00e9s de la Fiscal\u00eda Especializada para la Atenci\u00f3n a Delitos de Alto Impacto, el cual efectu\u00f3 los trabajos para recopilar los indicios en el lugar.<\/p>\n<p style=\"text-align: justify;\">\n<p dir=\"ltr\" style=\"text-align: justify;\">\n    Por el caso se inici\u00f3 la carpeta de investigaci\u00f3n 37513\/FDAI\/UEIH\/2023 por el delito de Homicidio Calificado, mientras que el cuerpo de L. G. M. J. fue trasladado al Instituto de Servicios Periciales para realizar los estudios cient\u00edficos para fortalecer las indagatorias en torno a este crimen.<\/p>\n<p style=\"text-align: justify;\">\n<p dir=\"ltr\" style=\"text-align: justify;\">\n    La Fiscal\u00eda de Oaxaca lamenta profundamente el deceso de un elemento de la AEI, perteneciente a este organismo aut\u00f3nomo, por lo que implementa todos los protocolos de investigaci\u00f3n necesarios para dar con el paradero de quien o quienes resulten responsables de los hechos.<\/p>\n","protected":false},"author":3,"featured_media":3175,"comment_status":"closed","ping_status":"closed","template":"","tags":[],"categoria_noticias":[],"class_list":["post-15859","noticias","type-noticias","status-publish","has-post-thumbnail","hentry"],"acf":[],"mb":[],"mfb_rest_fields":["title","gutenberg_elementor_mode"],"_links":{"self":[{"href":"https:\/\/portal.fgeo.gob.mx\/index.php\/wp-json\/wp\/v2\/noticias\/15859","targetHints":{"allow":["GET"]}}],"collection":[{"href":"https:\/\/portal.fgeo.gob.mx\/index.php\/wp-json\/wp\/v2\/noticias"}],"about":[{"href":"https:\/\/portal.fgeo.gob.mx\/index.php\/wp-json\/wp\/v2\/types\/noticias"}],"author":[{"embeddable":true,"href":"https:\/\/portal.fgeo.gob.mx\/index.php\/wp-json\/wp\/v2\/users\/3"}],"replies":[{"embeddable":true,"href":"https:\/\/portal.fgeo.gob.mx\/index.php\/wp-json\/wp\/v2\/comments?post=15859"}],"wp:featuredmedia":[{"embeddable":true,"href":"https:\/\/portal.fgeo.gob.mx\/index.php\/wp-json\/"}],"wp:attachment":[{"href":"https:\/\/portal.fgeo.gob.mx\/index.php\/wp-json\/wp\/v2\/media?parent=15859"}],"wp:term":[{"taxonomy":"post_tag","embeddable":true,"href":"https:\/\/portal.fgeo.gob.mx\/index.php\/wp-json\/wp\/v2\/tags?post=15859"},{"taxonomy":"categoria_noticias","embeddable":true,"href":"https:\/\/portal.fgeo.gob.mx\/index.php\/wp-json\/wp\/v2\/categoria_noticias?post=15859"}],"curies":[{"name":"wp","href":"https:\/\/api.w.org\/{rel}","templated":true}]}}