{"id":15858,"date":"2023-11-09T09:15:58","date_gmt":"2023-11-09T15:15:58","guid":{"rendered":"https:\/\/fge.oaxaca.gob.mx\/?post_type=noticias&amp;p=5426"},"modified":"2023-11-09T09:15:58","modified_gmt":"2023-11-09T15:15:58","slug":"fiscalia-de-oaxaca-conmemora-dia-de-muertos-con-concurso-de-altares-tradicionales","status":"publish","type":"noticias","link":"https:\/\/portal.fgeo.gob.mx\/index.php\/archivos\/noticias\/fiscalia-de-oaxaca-conmemora-dia-de-muertos-con-concurso-de-altares-tradicionales","title":{"rendered":"Fiscal\u00eda de Oaxaca conmemora D\u00eda de Muertos con concurso de altares tradicionales"},"content":{"rendered":"<p>*Obtiene AEI Primer Lugar con altar y tapete <em>\u201cNo temas a d\u00f3nde vayas, que has de morir donde<br \/>\ndebes\u201d<\/em><\/p>\n<p dir=\"ltr\" style=\"text-align: justify;\">\n    <b>Oaxaca de Ju\u00e1rez, Oax., a 01 de noviembre de 2023. &#8211; <\/b> El sincretismo cultural en M\u00e9xico tiene una de sus m\u00e1xima representaciones en la celebraci\u00f3n del D\u00eda de Muertos, tradici\u00f3n que se preserva como una de las fiestas m\u00e1s emblem\u00e1ticas del pa\u00eds y de Oaxaca, por lo que la Fiscal\u00eda General del Estado de Oaxaca llev\u00f3 a cabo un concurso de altares tradicionales, como parte de la costumbre e integraci\u00f3n del personal de las diversas \u00e1reas de la instituci\u00f3n.<\/p>\n<p dir=\"ltr\" style=\"text-align: justify;\">\n    \u201cMantener vivas nuestras tradiciones tan arraigadas provoca un sentido de pertenencia a nuestro estado, pero tambi\u00e9n, a esta instituci\u00f3n que se hace cargo de un trabajo duro, cotidiano y que exige del compromiso de todas y todos, por eso agradezco el esfuerzo de todas las \u00e1reas que hacen posible el fortalecimiento del tejido interno de nuestra instituci\u00f3n procuradora de justicia\u201d, afirm\u00f3 el Fiscal Bernardo Rodr\u00edguez Alamilla al dar un mensaje al personal que estuvo presente durante el evento.<\/p>\n<p style=\"text-align: justify;\">\n<p dir=\"ltr\" style=\"text-align: justify;\">\n    Luego de evaluar la autenticidad, as\u00ed como los elementos tradicionales y simb\u00f3licos, adem\u00e1s de la originalidad en los altares, el jurado calificador eligi\u00f3 a la Agencia Estatal de Investigaciones como la ganadora del concurso, al ce\u00f1irse a elementos tradicionales, adem\u00e1s de recordar a los compa\u00f1eros ca\u00eddos en servicio, de lo cual qued\u00f3 constancia con las fotograf\u00edas y la frase escrita en el tapete en la que asumen los riesgos de su labor cotidiana, que dice: \u201cNo temas a d\u00f3nde vayas, que has de morir donde debes\u201d.<\/p>\n<p style=\"text-align: justify;\">\n<p dir=\"ltr\" style=\"text-align: justify;\">\n    Mientras que el segundo lugar fue para la Vicefiscal\u00eda de la Atenci\u00f3n a V\u00edctimas y la Sociedad que recurri\u00f3 a elementos costumbristas y prehisp\u00e1nicos para tener presente el sincretismo de esta celebraci\u00f3n; y el tercero para la Oficina del Fiscal que hizo la representaci\u00f3n de un altar tradicional de San Juan Guelache.<\/p>\n<p style=\"text-align: justify;\">\n<p dir=\"ltr\" style=\"text-align: justify;\">\n    Adem\u00e1s, participaron las y los servidores p\u00fablicos pertenecientes a la Direcci\u00f3n de Averiguaciones Previas y Procesos, Unidad de Recursos Materiales, la Fiscal\u00eda Especializada para la Atenci\u00f3n a Delitos de Alto Impacto y la Contralor\u00eda Interna.<\/p>\n<p style=\"text-align: justify;\">\n<p dir=\"ltr\" style=\"text-align: justify;\">\n    \u201cRecordar a los que se adelantaron nos hace tener certeza de qui\u00e9nes somos. Nuestras tradiciones evocan y apelan a la memoria individual y colectiva para no perder de vista el camino de a d\u00f3nde vamos\u201d, se\u00f1al\u00f3 Rodr\u00edguez Alamilla.<\/p>\n","protected":false},"author":3,"featured_media":3175,"comment_status":"closed","ping_status":"closed","template":"","tags":[],"categoria_noticias":[],"class_list":["post-15858","noticias","type-noticias","status-publish","has-post-thumbnail","hentry"],"acf":[],"mb":[],"mfb_rest_fields":["title","gutenberg_elementor_mode"],"_links":{"self":[{"href":"https:\/\/portal.fgeo.gob.mx\/index.php\/wp-json\/wp\/v2\/noticias\/15858","targetHints":{"allow":["GET"]}}],"collection":[{"href":"https:\/\/portal.fgeo.gob.mx\/index.php\/wp-json\/wp\/v2\/noticias"}],"about":[{"href":"https:\/\/portal.fgeo.gob.mx\/index.php\/wp-json\/wp\/v2\/types\/noticias"}],"author":[{"embeddable":true,"href":"https:\/\/portal.fgeo.gob.mx\/index.php\/wp-json\/wp\/v2\/users\/3"}],"replies":[{"embeddable":true,"href":"https:\/\/portal.fgeo.gob.mx\/index.php\/wp-json\/wp\/v2\/comments?post=15858"}],"wp:featuredmedia":[{"embeddable":true,"href":"https:\/\/portal.fgeo.gob.mx\/index.php\/wp-json\/"}],"wp:attachment":[{"href":"https:\/\/portal.fgeo.gob.mx\/index.php\/wp-json\/wp\/v2\/media?parent=15858"}],"wp:term":[{"taxonomy":"post_tag","embeddable":true,"href":"https:\/\/portal.fgeo.gob.mx\/index.php\/wp-json\/wp\/v2\/tags?post=15858"},{"taxonomy":"categoria_noticias","embeddable":true,"href":"https:\/\/portal.fgeo.gob.mx\/index.php\/wp-json\/wp\/v2\/categoria_noticias?post=15858"}],"curies":[{"name":"wp","href":"https:\/\/api.w.org\/{rel}","templated":true}]}}