{"id":15857,"date":"2023-11-09T09:10:41","date_gmt":"2023-11-09T15:10:41","guid":{"rendered":"https:\/\/fge.oaxaca.gob.mx\/?post_type=noticias&amp;p=5425"},"modified":"2023-11-09T09:10:41","modified_gmt":"2023-11-09T15:10:41","slug":"requiere-fiscalia-de-oaxaca-informacion-a-fgr-e-interpol-sobre-situacion-juridica-de-notario-detenido-en-turin","status":"publish","type":"noticias","link":"https:\/\/portal.fgeo.gob.mx\/index.php\/archivos\/noticias\/requiere-fiscalia-de-oaxaca-informacion-a-fgr-e-interpol-sobre-situacion-juridica-de-notario-detenido-en-turin","title":{"rendered":"Requiere Fiscal\u00eda de Oaxaca informaci\u00f3n a FGR e Interpol sobre situaci\u00f3n jur\u00eddica de Notario detenido en Tur\u00edn"},"content":{"rendered":"<p dir=\"ltr\" style=\"text-align: justify;\">\n    <b>Oaxaca de Ju\u00e1rez, Oax., a 01 de Noviembre de 2023. &#8211; <\/b> La Fiscal\u00eda General del Estado de Oaxaca (FGEO) solicit\u00f3 informaci\u00f3n a la Fiscal\u00eda General de la Rep\u00fablica (FGR) y a la Organizaci\u00f3n Internacional de Polic\u00eda Criminal (Interpol), respecto a la situaci\u00f3n jur\u00eddica de quien fuera Notario P\u00fablico, J.A.M.G y\/o J.A.G.M, detenido en Tur\u00edn, Italia, el pasado 9 de abril de 2023.    <\/p>\n<p style=\"text-align: justify;\">\n<p dir=\"ltr\" style=\"text-align: justify;\">\n        Lo anterior, luego de la publicaci\u00f3n en redes sociales de un par de videos en los que el imputado por los delitos de falsificaci\u00f3n de documentos, ejercicio il\u00edcito del servicio p\u00fablico y violaci\u00f3n de otras garant\u00edas, aparentemente se encuentra en libertad.    <\/p>\n<p style=\"text-align: justify;\">\n<p dir=\"ltr\" style=\"text-align: justify;\">\n        Cabe mencionar que la Fiscal\u00eda de Oaxaca ha hecho frente a diversos amparos interpuestos por la familia de J.A.M.G y\/o J.A.G.M., contra la detenci\u00f3n y extradici\u00f3n de dicha persona. Adem\u00e1s, que en materia de litigio internacional, los imputados de delitos cometidos en otros pa\u00edses, se acogen tambi\u00e9n al derecho interno de la propia naci\u00f3n en la que son localizados y arraigados, mientras que en materia de extradici\u00f3n se deben tomar en cuenta los Tratados Internacionales suscritos por cada Estado.    <\/p>\n<p style=\"text-align: justify;\">\n<p dir=\"ltr\" style=\"text-align: justify;\">\n        Y es que el 9 de marzo de 2023, la Fiscal\u00eda de Oaxaca obtuvo la orden de aprehensi\u00f3n librada por el Juez de Control bajo la causa penal 258\/2023, contra el Notario P\u00fablico -actualmente suspendido-.    <\/p>\n<p style=\"text-align: justify;\">\n<p dir=\"ltr\" style=\"text-align: justify;\">\n        Luego de efectuar la investigaci\u00f3n correspondiente, se obtuvo informaci\u00f3n que el imputado se encontraba fuera del pa\u00eds, ante lo cual, la FGEO solicit\u00f3, a trav\u00e9s de la FGR, se emitiera una ficha roja para que fuera buscado y localizado con apoyo de la Polic\u00eda Internacional.    <\/p>\n<p style=\"text-align: justify;\">\n<p dir=\"ltr\" style=\"text-align: justify;\">\n        Con fecha 3 de abril de 2023 fue publicada la notificaci\u00f3n roja por la Interpol A-2871\/4-2023 y, el 11 de abril, a trav\u00e9s del sistema de comunicaci\u00f3n oficial de la Polic\u00eda Internacional fue informado el arresto de J.A.M.G y\/o J.A.G.M en Tur\u00edn, Italia, el 9 de abril -dos d\u00edas antes del aviso oficial-.<\/p>\n<p style=\"text-align: justify;\">\n<p dir=\"ltr\" style=\"text-align: justify;\">\n        Por lo cual, de manera inmediata, la FGEO estableci\u00f3 comunicaci\u00f3n con la Direcci\u00f3n General de Procedimientos Internacionales de la FGR para que se iniciara el proceso de extradici\u00f3n a M\u00e9xico, dando seguimiento puntual a los requerimientos y tr\u00e1mites necesarios.\n    <\/p>\n<p style=\"text-align: justify;\">\n<p dir=\"ltr\" style=\"text-align: justify;\">\n        La FGEO refrenda tambi\u00e9n el compromiso de realizar todas las acciones necesarias para que las investigaciones y acciones que realiza est\u00e9n sustentadas en evidencia cient\u00edfica, lo que permite que las personas que han sido se\u00f1aladas de la comisi\u00f3n de un delito, sean sancionadas de acuerdo a las Leyes Vigentes en nuestro pa\u00eds.\n    <\/p>\n","protected":false},"author":3,"featured_media":3175,"comment_status":"closed","ping_status":"closed","template":"","tags":[],"categoria_noticias":[],"class_list":["post-15857","noticias","type-noticias","status-publish","has-post-thumbnail","hentry"],"acf":[],"mb":[],"mfb_rest_fields":["title","gutenberg_elementor_mode"],"_links":{"self":[{"href":"https:\/\/portal.fgeo.gob.mx\/index.php\/wp-json\/wp\/v2\/noticias\/15857","targetHints":{"allow":["GET"]}}],"collection":[{"href":"https:\/\/portal.fgeo.gob.mx\/index.php\/wp-json\/wp\/v2\/noticias"}],"about":[{"href":"https:\/\/portal.fgeo.gob.mx\/index.php\/wp-json\/wp\/v2\/types\/noticias"}],"author":[{"embeddable":true,"href":"https:\/\/portal.fgeo.gob.mx\/index.php\/wp-json\/wp\/v2\/users\/3"}],"replies":[{"embeddable":true,"href":"https:\/\/portal.fgeo.gob.mx\/index.php\/wp-json\/wp\/v2\/comments?post=15857"}],"wp:featuredmedia":[{"embeddable":true,"href":"https:\/\/portal.fgeo.gob.mx\/index.php\/wp-json\/"}],"wp:attachment":[{"href":"https:\/\/portal.fgeo.gob.mx\/index.php\/wp-json\/wp\/v2\/media?parent=15857"}],"wp:term":[{"taxonomy":"post_tag","embeddable":true,"href":"https:\/\/portal.fgeo.gob.mx\/index.php\/wp-json\/wp\/v2\/tags?post=15857"},{"taxonomy":"categoria_noticias","embeddable":true,"href":"https:\/\/portal.fgeo.gob.mx\/index.php\/wp-json\/wp\/v2\/categoria_noticias?post=15857"}],"curies":[{"name":"wp","href":"https:\/\/api.w.org\/{rel}","templated":true}]}}