{"id":15855,"date":"2023-10-30T12:41:16","date_gmt":"2023-10-31T18:41:16","guid":{"rendered":"https:\/\/fge.oaxaca.gob.mx\/?post_type=noticias&amp;p=5417"},"modified":"2023-10-30T12:41:16","modified_gmt":"2023-10-31T18:41:16","slug":"vinculado-a-proceso-y-en-prision-por-homicidio-de-una-mujer-cometido-en-la-costa-fgeo","status":"publish","type":"noticias","link":"https:\/\/portal.fgeo.gob.mx\/index.php\/archivos\/noticias\/vinculado-a-proceso-y-en-prision-por-homicidio-de-una-mujer-cometido-en-la-costa-fgeo","title":{"rendered":"Vinculado a proceso y en prisi\u00f3n, por homicidio de una mujer cometido en la Costa: FGEO"},"content":{"rendered":"<p dir=\"ltr\" style=\"text-align: justify;\">\n<b>Oaxaca de Ju\u00e1rez, Oax., a 30 de octubre de 2023. &#8211; <\/b>Como resultado de la acci\u00f3n ministerial inmediata, la Fiscal\u00eda General del Estado de Oaxaca (FGEO) obtuvo auto de vinculaci\u00f3n a proceso y prisi\u00f3n preventiva contra una persona del sexo masculino identificada como T. T. A., por el delito de Homicidio Calificado con Ventaja, ocurrido en la regi\u00f3n de la Costa.<\/p>\n<p style=\"text-align: justify;\">\n<p dir=\"ltr\" style=\"text-align: justify;\">\nLos hechos ocurrieron el 25 de octubre de 2023, cuando la v\u00edctima, una mujer de nombre S. E. A., fue encontrada sin vida dentro de su domicilio ubicado en el municipio de San Pedro Juchatengo; donde localizaron el cuerpo tendido en una cama, adem\u00e1s que presentaba lesiones producidas por un objeto corto-contundente (machete).\n<\/p>\n<p style=\"text-align: justify;\">\n<p dir=\"ltr\" style=\"text-align: justify;\">\nLas autoridades municipales dieron aviso a la FGEO, la cual inici\u00f3 con los trabajos ministeriales pertinentes a trav\u00e9s de la Vicefiscal\u00eda Regional de la Costa, que obtuvo datos relevantes por lo que se establecieron s\u00f3lidas l\u00edneas de investigaci\u00f3n por las que fue posible obtener una orden de aprehensi\u00f3n.\n<\/p>\n<p style=\"text-align: justify;\">\n<p dir=\"ltr\" style=\"text-align: justify;\">\nElementos de la Agencia Estatal de Investigaciones (AEI) dieron con el paradero del imputado, a quien detuvieron al dar cumplimiento al mandato judicial el 28 de octubre, apenas 72 horas despu\u00e9s de ocurrido el crimen.\n<\/p>\n<p style=\"text-align: justify;\">\n<p dir=\"ltr\" style=\"text-align: justify;\">\nDespu\u00e9s de aportar los datos de prueba necesarios ante el Juez que atiende la causa, este calific\u00f3 de legal la detenci\u00f3n y dict\u00f3 auto de vinculaci\u00f3n a proceso en contra de S. E. A., a quien impuso prisi\u00f3n preventiva justificada y otorg\u00f3 dos meses para el cierre de la investigaci\u00f3n complementaria.\n<\/p>\n<p style=\"text-align: justify;\">\n<p dir=\"ltr\" style=\"text-align: justify;\">\nLa resoluci\u00f3n de delitos de alto impacto por parte de la Fiscal\u00eda de Oaxaca, buscan la prevalencia de la paz social en todas las regiones de la entidad, para garantizar la seguridad p\u00fablica de la ciudadan\u00eda.<\/p>\n","protected":false},"author":3,"featured_media":3175,"comment_status":"closed","ping_status":"closed","template":"","tags":[],"categoria_noticias":[],"class_list":["post-15855","noticias","type-noticias","status-publish","has-post-thumbnail","hentry"],"acf":[],"mb":[],"mfb_rest_fields":["title","gutenberg_elementor_mode"],"_links":{"self":[{"href":"https:\/\/portal.fgeo.gob.mx\/index.php\/wp-json\/wp\/v2\/noticias\/15855","targetHints":{"allow":["GET"]}}],"collection":[{"href":"https:\/\/portal.fgeo.gob.mx\/index.php\/wp-json\/wp\/v2\/noticias"}],"about":[{"href":"https:\/\/portal.fgeo.gob.mx\/index.php\/wp-json\/wp\/v2\/types\/noticias"}],"author":[{"embeddable":true,"href":"https:\/\/portal.fgeo.gob.mx\/index.php\/wp-json\/wp\/v2\/users\/3"}],"replies":[{"embeddable":true,"href":"https:\/\/portal.fgeo.gob.mx\/index.php\/wp-json\/wp\/v2\/comments?post=15855"}],"wp:featuredmedia":[{"embeddable":true,"href":"https:\/\/portal.fgeo.gob.mx\/index.php\/wp-json\/"}],"wp:attachment":[{"href":"https:\/\/portal.fgeo.gob.mx\/index.php\/wp-json\/wp\/v2\/media?parent=15855"}],"wp:term":[{"taxonomy":"post_tag","embeddable":true,"href":"https:\/\/portal.fgeo.gob.mx\/index.php\/wp-json\/wp\/v2\/tags?post=15855"},{"taxonomy":"categoria_noticias","embeddable":true,"href":"https:\/\/portal.fgeo.gob.mx\/index.php\/wp-json\/wp\/v2\/categoria_noticias?post=15855"}],"curies":[{"name":"wp","href":"https:\/\/api.w.org\/{rel}","templated":true}]}}