{"id":15854,"date":"2023-10-30T12:34:48","date_gmt":"2023-10-31T18:34:48","guid":{"rendered":"https:\/\/fge.oaxaca.gob.mx\/?post_type=noticias&amp;p=5415"},"modified":"2023-10-30T12:34:48","modified_gmt":"2023-10-31T18:34:48","slug":"concluye-programa-intensivo-de-capacitacion-para-el-trabajo-implementado-por-la-fiscalia-de-oaxaca","status":"publish","type":"noticias","link":"https:\/\/portal.fgeo.gob.mx\/index.php\/archivos\/noticias\/concluye-programa-intensivo-de-capacitacion-para-el-trabajo-implementado-por-la-fiscalia-de-oaxaca","title":{"rendered":"Concluye Programa intensivo de capacitaci\u00f3n para el trabajo implementado por la Fiscal\u00eda de Oaxaca"},"content":{"rendered":"<p>\t*Contrata FGEO a personas expertas en abogac\u00eda participantes del Programa Intensivo de Capacitaci\u00f3n Integral \u201cEl Sistema Penal Acusatorio, de la Teor\u00eda a la Pr\u00e1ctica\u201d<\/p>\n<p dir=\"ltr\" style=\"text-align: justify;\">\n<b>Oaxaca de Ju\u00e1rez, Oax., a 30 de octubre de 2023. &#8211; <\/b>Como parte de la reingenier\u00eda institucional que se lleva a cabo en la Fiscal\u00eda General del Estado de Oaxaca, el Programa Intensivo de Capacitaci\u00f3n Integral \u201cEl Sistema Penal Acusatorio, de la Teor\u00eda a la Pr\u00e1ctica\u201d, desarrollado para fortalecer los conocimientos te\u00f3ricos y pr\u00e1cticos de j\u00f3venes egresados de la licenciatura en derecho, logr\u00f3 el objetivo de dotar de mayores conocimientos a las y los participantes, as\u00ed como contratar a postulantes.<\/p>\n<p style=\"text-align: justify;\">\n<p dir=\"ltr\" style=\"text-align: justify;\">\nDurante la clausura del proceso formativo, el Fiscal de Oaxaca, Bernardo Rodr\u00edguez Alamilla apunt\u00f3 que capacitaciones de esta \u00edndole, buscan renovar a la FGEO modificando la integraci\u00f3n de personal, abri\u00e9ndole la puerta a las y los j\u00f3venes reci\u00e9n egresados, quienes pueden contribuir a renovar el organismo con sus talentos, a la par de impulsar sus conocimientos.\n<\/p>\n<p style=\"text-align: justify;\">\n<p dir=\"ltr\" style=\"text-align: justify;\">\nAcompa\u00f1ado por el coordinador general de la Agencia Estatal de Investigaciones (AEI), Jaciel V\u00e1squez Castro; la directora del Centro de Justicia Alternativa, Liliana del Carmen Baroja Mart\u00ednez; el Vicefiscal General de Zona Centro, Alejandro Ram\u00edrez; el director del Instituto de Capacitaci\u00f3n, Juan Pablo Morales Garc\u00eda; as\u00ed como Ruth Soledad Rodr\u00edguez Hern\u00e1ndez y Jorge Luis V\u00e1squez, egresados del programa; el Fiscal reconoci\u00f3 el esfuerzo de las y los participantes.\n<\/p>\n<p style=\"text-align: justify;\">\n<p dir=\"ltr\" style=\"text-align: justify;\">\nA\u00f1adi\u00f3 que haber cursado el proceso formativo de seis meses es un importante logro, pues la convocatoria inicial cont\u00f3 con 256 aspirantes, de los cuales ingresaron 50 y lograron egresar 36 personas, quienes pudieron acceder a conocimientos pr\u00e1cticos del sistema penal y la implicaci\u00f3n de los derechos humanos en el proceso, lo que enriquecer\u00e1 profundamente su ejercicio profesional.\n<\/p>\n<p style=\"text-align: justify;\">\n<p dir=\"ltr\" style=\"text-align: justify;\">\nResalt\u00f3 que el Programa Intensivo de Capacitaci\u00f3n Integral \u201cEl Sistema Penal Acusatorio de la Teor\u00eda a la Pr\u00e1ctica\u201d, permiti\u00f3 a sus participantes desarrollar competencias y habilidades que les permitan cumplir con sus funciones con mayor eficiencia y con un enfoque particular en la protecci\u00f3n a los derechos humanos, adem\u00e1s les permiti\u00f3 conocer el arduo trabajo de quienes ejercen el servicio p\u00fablico como ministerios p\u00fablicos en la Fiscal\u00eda General un trabajo altamente demandante para el que se requiere un alto sentido del servicio.\n<\/p>\n<p style=\"text-align: justify;\">\n<p dir=\"ltr\" style=\"text-align: justify;\">\nAl intervenir, la directora del Centro de Justicia Alternativa Carmen Baroja Mart\u00ednez dijo que para quienes fueron parte del cuerpo docente del programa la experiencia fue enriquecedora, y asegur\u00f3 que el aporte de quienes fueron parte de este programa ser\u00e1 evidente en el \u00e1mbito profesional, y resalt\u00f3 la capacidad de servicio que tienen las y los egresados del programa.\n<\/p>\n<p style=\"text-align: justify;\">\n<p dir=\"ltr\" style=\"text-align: justify;\">\nMientras que, el director del Instituto de Capacitaci\u00f3n y Formaci\u00f3n Profesional Juan Pablo Morales Garc\u00eda explic\u00f3 que el programa es una estrategia para impulsar la capacitaci\u00f3n y conocimientos en la Fiscal\u00eda General del Estado, adem\u00e1s de ser un esfuerzo para abonar a la reingenier\u00eda institucional no solo del funcionario sino de quienes ejercen la abogac\u00eda, aport\u00e1ndoles nuevas perspectivas.\n<\/p>\n<p style=\"text-align: justify;\">\n<p dir=\"ltr\" style=\"text-align: justify;\">\nAl dar su mensaje, la egresada Ruth Soledad Rodr\u00edguez Hern\u00e1ndez se\u00f1al\u00f3 que esta fue una oportunidad de ser parte de un proyecto de cambio de la instituci\u00f3n procuradora de justicia, adem\u00e1s que les permiti\u00f3 ver la importancia de ejercer la funci\u00f3n p\u00fablica con un esp\u00edritu de servicio, y agradeci\u00f3 las herramientas pr\u00e1cticas que se les brind\u00f3 que les permitir\u00e1 coadyuvar en ejercer la defensa legal desde una perspectiva de derechos humanos.\n<\/p>\n<p style=\"text-align: justify;\">\n<p dir=\"ltr\" style=\"text-align: justify;\">\nPor su parte, el egresado Jorge Luis V\u00e1squez Mart\u00ednez puntualiz\u00f3 que el programa les ha brindado herramientas para ejercer con mayor eficacia la defensa de la justicia, y que los seis meses que dur\u00f3 fueron d\u00edas de aprendizaje y esfuerzo que les permiti\u00f3 crecer como profesionales.\n<\/p>\n<p style=\"text-align: justify;\">\n<p dir=\"ltr\" style=\"text-align: justify;\">\nFinalmente, la Fiscal\u00eda General del Estado realiza actividades de capacitaci\u00f3n y formaci\u00f3n para lograr impulsar el proceso de reingenier\u00eda institucional que permita a la instituci\u00f3n renovarse y brindar mejores resultados a la sociedad.<\/p>\n","protected":false},"author":3,"featured_media":3175,"comment_status":"closed","ping_status":"closed","template":"","tags":[],"categoria_noticias":[],"class_list":["post-15854","noticias","type-noticias","status-publish","has-post-thumbnail","hentry"],"acf":[],"mb":[],"mfb_rest_fields":["title","gutenberg_elementor_mode"],"_links":{"self":[{"href":"https:\/\/portal.fgeo.gob.mx\/index.php\/wp-json\/wp\/v2\/noticias\/15854","targetHints":{"allow":["GET"]}}],"collection":[{"href":"https:\/\/portal.fgeo.gob.mx\/index.php\/wp-json\/wp\/v2\/noticias"}],"about":[{"href":"https:\/\/portal.fgeo.gob.mx\/index.php\/wp-json\/wp\/v2\/types\/noticias"}],"author":[{"embeddable":true,"href":"https:\/\/portal.fgeo.gob.mx\/index.php\/wp-json\/wp\/v2\/users\/3"}],"replies":[{"embeddable":true,"href":"https:\/\/portal.fgeo.gob.mx\/index.php\/wp-json\/wp\/v2\/comments?post=15854"}],"wp:featuredmedia":[{"embeddable":true,"href":"https:\/\/portal.fgeo.gob.mx\/index.php\/wp-json\/"}],"wp:attachment":[{"href":"https:\/\/portal.fgeo.gob.mx\/index.php\/wp-json\/wp\/v2\/media?parent=15854"}],"wp:term":[{"taxonomy":"post_tag","embeddable":true,"href":"https:\/\/portal.fgeo.gob.mx\/index.php\/wp-json\/wp\/v2\/tags?post=15854"},{"taxonomy":"categoria_noticias","embeddable":true,"href":"https:\/\/portal.fgeo.gob.mx\/index.php\/wp-json\/wp\/v2\/categoria_noticias?post=15854"}],"curies":[{"name":"wp","href":"https:\/\/api.w.org\/{rel}","templated":true}]}}