{"id":15853,"date":"2023-10-27T12:28:55","date_gmt":"2023-10-31T18:28:55","guid":{"rendered":"https:\/\/fge.oaxaca.gob.mx\/?post_type=noticias&amp;p=5414"},"modified":"2023-10-27T12:28:55","modified_gmt":"2023-10-31T18:28:55","slug":"presenta-fgeo-programa-de-formacion-para-la-paz-y-seguridad-en-oaxaca","status":"publish","type":"noticias","link":"https:\/\/portal.fgeo.gob.mx\/index.php\/archivos\/noticias\/presenta-fgeo-programa-de-formacion-para-la-paz-y-seguridad-en-oaxaca","title":{"rendered":"Presenta FGEO Programa de Formaci\u00f3n para la Paz y Seguridad en Oaxaca"},"content":{"rendered":"<p dir=\"ltr\" style=\"text-align: justify;\">\n<b>Oaxaca de Ju\u00e1rez, Oax., a 27 de octubre de 2023. &#8211; <\/b>El Fiscal General del Estado de Oaxaca, Bernardo Rodr\u00edguez Alamilla present\u00f3 el Programa de Formaci\u00f3n para la Paz y Seguridad en Oaxaca, mediante el cual, a trav\u00e9s del uso de tecnolog\u00edas de la informaci\u00f3n, se fortalecen los procesos formativos en la instituci\u00f3n.<\/p>\n<p style=\"text-align: justify;\">\n<p dir=\"ltr\" style=\"text-align: justify;\">\nAcompa\u00f1ado por la titular del Secretariado Ejecutivo del Sistema Estatal de Seguridad P\u00fablica, Karina Bar\u00f3n; el Coordinador General de la Agencia Estatal de Investigaciones, Jaciel V\u00e1squez Castro; la Vicefiscal de Atenci\u00f3n a V\u00edctimas y la Sociedad, Michel Juli\u00e1n L\u00f3pez; el director del Instituto de Capacitaci\u00f3n y Formaci\u00f3n Profesional, Juan Pablo Morales Garc\u00eda y la coordinadora del Programa de Formaci\u00f3n para la Paz, Jesica Jarqu\u00edn Santos; as\u00ed como del director de Inteligencia y Pol\u00edtica Criminal, Edgar Nemesio S\u00e1nchez Cruz; Rodr\u00edguez Alamilla sostuvo que, para hacer frente a las nuevas modalidades del fen\u00f3meno delictivo, se requiere capacitaci\u00f3n permanente.\n<\/p>\n<p style=\"text-align: justify;\">\n<p dir=\"ltr\" style=\"text-align: justify;\">\nResalt\u00f3 que la plataforma del Programa de Formaci\u00f3n para la Paz busca brindar, por medio de la capacitaci\u00f3n, herramientas que permitan al personal de la Fiscal\u00eda General del Estado desarrollar competencias y habilidades, para cumplir sus funciones con mayor eficiencia y brindar mejores resultados a la sociedad.\n<\/p>\n<p style=\"text-align: justify;\">\n<p dir=\"ltr\" style=\"text-align: justify;\">\nAfirm\u00f3 que este programa es una ventana de oportunidad para las y los servidores p\u00fablicos, pues, la profesionalizaci\u00f3n adquiere una nueva dimensi\u00f3n que abre la puerta a una nueva etapa en la Fiscal\u00eda General, en la que el aprendizaje es clave para transformar y fortalecer los procesos de procuraci\u00f3n de justicia.\n<\/p>\n<p style=\"text-align: justify;\">\n<p dir=\"ltr\" style=\"text-align: justify;\">\nEn su intervenci\u00f3n, la titular del Secretariado Ejecutivo del Sistema Estatal de Seguridad P\u00fablica Karina Bar\u00f3n sostuvo que este tipo de estrategias son necesarias, especialmente para un organismo como la Fiscal\u00eda General del Estado, pues la capacitaci\u00f3n permite mejorar los procesos de atenci\u00f3n a las v\u00edctimas y beneficia el combate al fen\u00f3meno delictivo en la entidad.\n<\/p>\n<p style=\"text-align: justify;\">\n<p dir=\"ltr\" style=\"text-align: justify;\">\nMientras que, el director del Instituto de Capacitaci\u00f3n y Formaci\u00f3n Profesional Juan Pablo Morales Garc\u00eda explic\u00f3 que el programa tiene una duraci\u00f3n de 120 horas, su principal caracter\u00edstica es que los diplomados son autogestivos, por lo que, quienes participen podr\u00e1n acceder desde la plataforma Moodle.\n<\/p>\n<p style=\"text-align: justify;\">\n<p dir=\"ltr\" style=\"text-align: justify;\">\nDetall\u00f3 que esta primera etapa ofertar\u00e1 tres diplomados, uno de ellos enfocado en ciberseguridad, otro en an\u00e1lisis e investigaci\u00f3n en ciberdelincuencia y uno m\u00e1s referente a estrategias criminol\u00f3gicas contra la delincuencia organizada, actualmente participan 249 servidoras y servidores p\u00fablicos de la FGEO de los cuales 124 son mujeres y 125 hombres, y se espera que el pr\u00f3ximo a\u00f1o la oferta se pueda ampliar a 15 diplomados.\n<\/p>\n<p style=\"text-align: justify;\">\n<p dir=\"ltr\" style=\"text-align: justify;\">\nFinalmente, la Fiscal\u00eda General del Estado realiza actividades de capacitaci\u00f3n y formaci\u00f3n para lograr impulsar el proceso de reingenier\u00eda para lograr una renovaci\u00f3n y brindar mejores resultados a la sociedad.<\/p>\n","protected":false},"author":3,"featured_media":3175,"comment_status":"closed","ping_status":"closed","template":"","tags":[],"categoria_noticias":[],"class_list":["post-15853","noticias","type-noticias","status-publish","has-post-thumbnail","hentry"],"acf":[],"mb":[],"mfb_rest_fields":["title","gutenberg_elementor_mode"],"_links":{"self":[{"href":"https:\/\/portal.fgeo.gob.mx\/index.php\/wp-json\/wp\/v2\/noticias\/15853","targetHints":{"allow":["GET"]}}],"collection":[{"href":"https:\/\/portal.fgeo.gob.mx\/index.php\/wp-json\/wp\/v2\/noticias"}],"about":[{"href":"https:\/\/portal.fgeo.gob.mx\/index.php\/wp-json\/wp\/v2\/types\/noticias"}],"author":[{"embeddable":true,"href":"https:\/\/portal.fgeo.gob.mx\/index.php\/wp-json\/wp\/v2\/users\/3"}],"replies":[{"embeddable":true,"href":"https:\/\/portal.fgeo.gob.mx\/index.php\/wp-json\/wp\/v2\/comments?post=15853"}],"wp:featuredmedia":[{"embeddable":true,"href":"https:\/\/portal.fgeo.gob.mx\/index.php\/wp-json\/"}],"wp:attachment":[{"href":"https:\/\/portal.fgeo.gob.mx\/index.php\/wp-json\/wp\/v2\/media?parent=15853"}],"wp:term":[{"taxonomy":"post_tag","embeddable":true,"href":"https:\/\/portal.fgeo.gob.mx\/index.php\/wp-json\/wp\/v2\/tags?post=15853"},{"taxonomy":"categoria_noticias","embeddable":true,"href":"https:\/\/portal.fgeo.gob.mx\/index.php\/wp-json\/wp\/v2\/categoria_noticias?post=15853"}],"curies":[{"name":"wp","href":"https:\/\/api.w.org\/{rel}","templated":true}]}}