{"id":15850,"date":"2023-10-25T12:22:57","date_gmt":"2023-10-26T18:22:57","guid":{"rendered":"https:\/\/fge.oaxaca.gob.mx\/?post_type=noticias&amp;p=5411"},"modified":"2023-10-25T12:22:57","modified_gmt":"2023-10-26T18:22:57","slug":"construye-fiscalia-de-oaxaca-protocolo-intercultural-de-atencion-a-la-violencia-de-genero-contra-las-mujeres-en-el-ambito-familiar","status":"publish","type":"noticias","link":"https:\/\/portal.fgeo.gob.mx\/index.php\/archivos\/noticias\/construye-fiscalia-de-oaxaca-protocolo-intercultural-de-atencion-a-la-violencia-de-genero-contra-las-mujeres-en-el-ambito-familiar","title":{"rendered":"Construye Fiscal\u00eda de Oaxaca \u201cProtocolo Intercultural de Atenci\u00f3n a la Violencia de G\u00e9nero contra las Mujeres en el \u00c1mbito Familiar\u201d"},"content":{"rendered":"<p><u>De la mano de Organizaciones Sociales<\/u><\/p>\n<p dir=\"ltr\" style=\"text-align: justify;\">\n<b>Oaxaca de Ju\u00e1rez, Oax., a 25 de octubre de 2023. &#8211; <\/b>Al inaugurar el foro \u201cAportaciones para la Atenci\u00f3n de la Violencia Contra las Mujeres en el \u00c1mbito Familiar en Oaxaca\u201d, el Fiscal General Bernardo Rodr\u00edguez Alamilla reconoci\u00f3 el acompa\u00f1amiento brindado por las y los integrantes de la Plataforma de Derechos Humanos en Oaxaca -integrada por 15 Organizaciones de la Sociedad Civil de la entidad-, en la construcci\u00f3n de un nuevo protocolo de atenci\u00f3n al delito de violencia contra las mujeres en el \u00e1mbito familiar.<\/p>\n<p style=\"text-align: justify;\">\n<p dir=\"ltr\" style=\"text-align: justify;\">\nAcompa\u00f1ado por el rector de la Universidad Aut\u00f3noma \u201cBenito Ju\u00e1rez\u201d de Oaxaca (UABJO), Cristian Carre\u00f1o L\u00f3pez; la titular del Secretariado Ejecutivo del Sistema de Seguridad P\u00fablica, Karina Bar\u00f3n Ortiz; la Defensora de los Derechos Humanos del Pueblo de Oaxaca (DDHPO), Elizabeth Lara Rodr\u00edguez; la diputada presidenta de la Comisi\u00f3n Permanente de Administraci\u00f3n y Procuraci\u00f3n de Justicia, Lizett Arroyo Rodr\u00edguez; apunt\u00f3 que parte de la reingenier\u00eda institucional que se lleva a cabo en la FGEO se encuentra el trabajo conjunto con agrupaciones no gubernamentales.\n<\/p>\n<p style=\"text-align: justify;\">\n<p dir=\"ltr\" style=\"text-align: justify;\">\nAdem\u00e1s, dijo, se han fortalecido \u00e1reas especializadas de atenci\u00f3n de las mujeres, entre las cuales se encuentran las Unidades de G\u00e9nero de las Vicefiscal\u00edas; la Fiscal\u00eda Especializada para la atenci\u00f3n a Delitos contra la Mujer por Raz\u00f3n de G\u00e9nero, la Fiscal\u00eda para la Atenci\u00f3n e Investigaci\u00f3n de Feminicidios, as\u00ed como el Centro de Justicia para las Mujeres\n<\/p>\n<p style=\"text-align: justify;\">\n<p dir=\"ltr\" style=\"text-align: justify;\">\nAbund\u00f3 que, el \u201cProtocolo Intercultural de Atenci\u00f3n Integral a la Violencia de G\u00e9nero contra las Mujeres en \u00c1mbito Familiar\u201d se construye conjuntamente con la Plataforma de Derechos Humanos, entre la cual se encuentra Lunas del Sur, el cual se socializa en este marco y tiene como fin mejorar los procesos de atenci\u00f3n.\n<\/p>\n<p style=\"text-align: justify;\">\n<p dir=\"ltr\" style=\"text-align: justify;\">\nDestac\u00f3 que el documento partir\u00e1 de un diagn\u00f3stico interno de la FGEO, que permiti\u00f3 identificar en d\u00f3nde se encuentra la instituci\u00f3n en materia de atenci\u00f3n y procuraci\u00f3n de justicia, en el cual fue clave la participaci\u00f3n de \u201cLunas del Sur\u201d, pues sus aportes permitir\u00e1n establecer acciones de pol\u00edtica p\u00fablica espec\u00edficas para hacer justiciable el acceso al derecho de una vida libre de violencia de las mujeres.\n<\/p>\n<p style=\"text-align: justify;\">\n<p dir=\"ltr\" style=\"text-align: justify;\">\nPor su parte, al intervenir, la titular del Secretariado Ejecutivo del Sistema de Seguridad P\u00fablica Karina Bar\u00f3n Ortiz afirm\u00f3 que atender el delito de violencia familiar requiere de un trabajo colaborativo entre los diferentes niveles de gobierno que permita dar a las v\u00edctimas una atenci\u00f3n adecuada.\n<\/p>\n<p style=\"text-align: justify;\">\n<p dir=\"ltr\" style=\"text-align: justify;\">\nY resalt\u00f3 que las autoridades municipales son claves en la atenci\u00f3n, pues son el primer contacto en estos casos, por ello, este tipo de actividades contribuyen a brindarles una atenci\u00f3n que favorezca que accedan a procesos de procuraci\u00f3n de justicia.\n<\/p>\n<p style=\"text-align: justify;\">\n<p dir=\"ltr\" style=\"text-align: justify;\">\nAl terminar el acto inaugural se dio inici\u00f3 al foro \u201cAportaciones para la atenci\u00f3n de la violencia contra las mujeres en el \u00e1mbito familiar en Oaxaca\u201d, en el que se abordaron los procesos de atenci\u00f3n institucional de parte de \u00e1reas especializadas de la Fiscal\u00eda General del Estado de Oaxaca, adem\u00e1s de compartir experiencias de organizaciones de la sociedad civil que realizan acompa\u00f1amiento a mujeres v\u00edctimas de violencia de g\u00e9nero.\n<\/p>\n<p style=\"text-align: justify;\">\n<p dir=\"ltr\" style=\"text-align: justify;\">\nEn la actividad se cont\u00f3 con la presencia de 19 organizaciones de la sociedad civil que integran la \u201cPlataforma por los Derechos Humanos\u201d que son: Caminos, Centro de Acompa\u00f1amiento a Migrantes; Centro de Apoyo al Movimiento Popular Oaxaque\u00f1o; Centro de Derechos Ind\u00edgenas Flor y Canto; Centro de Estudios y Fortalecimiento Comunitario \u201cMano Vuelta\u201d; Centro Profesional Ind\u00edgena de Asesor\u00eda, Defensa y Traducci\u00f3n (CEPIADET); Centro Regional de Derechos Humanos \u201cBartolom\u00e9 Carrasco Brise\u00f1o\u201d (Barca); C\u00edrculo Profesional para la Formaci\u00f3n con Equidad de G\u00e9nero Nduva Ndadi; Colectivo de Mujeres de Ayutla; Comit\u00e9 de Defensa Integral de Derechos Humanos Gobixha; Defensores por la Justica; Iniciativas para el Desarrollo de la Mujer Oaxaque\u00f1a; La Consejeras Oaxaca; Luna del Sur; Oaxacatrans; Pi\u00f1a Palmera; Red Oaxaque\u00f1a de Mujeres Ind\u00edgenas Trenzando Saberes; Servicios para una Educaci\u00f3n Alternativa; Servicios del Pueblo Mixe; Tequio Jur\u00eddico; adem\u00e1s de autoridades municipales, adem\u00e1s de servidores y servidoras p\u00fablicas.<\/p>\n","protected":false},"author":3,"featured_media":3175,"comment_status":"closed","ping_status":"closed","template":"","tags":[],"categoria_noticias":[],"class_list":["post-15850","noticias","type-noticias","status-publish","has-post-thumbnail","hentry"],"acf":[],"mb":[],"mfb_rest_fields":["title","gutenberg_elementor_mode"],"_links":{"self":[{"href":"https:\/\/portal.fgeo.gob.mx\/index.php\/wp-json\/wp\/v2\/noticias\/15850","targetHints":{"allow":["GET"]}}],"collection":[{"href":"https:\/\/portal.fgeo.gob.mx\/index.php\/wp-json\/wp\/v2\/noticias"}],"about":[{"href":"https:\/\/portal.fgeo.gob.mx\/index.php\/wp-json\/wp\/v2\/types\/noticias"}],"author":[{"embeddable":true,"href":"https:\/\/portal.fgeo.gob.mx\/index.php\/wp-json\/wp\/v2\/users\/3"}],"replies":[{"embeddable":true,"href":"https:\/\/portal.fgeo.gob.mx\/index.php\/wp-json\/wp\/v2\/comments?post=15850"}],"wp:featuredmedia":[{"embeddable":true,"href":"https:\/\/portal.fgeo.gob.mx\/index.php\/wp-json\/"}],"wp:attachment":[{"href":"https:\/\/portal.fgeo.gob.mx\/index.php\/wp-json\/wp\/v2\/media?parent=15850"}],"wp:term":[{"taxonomy":"post_tag","embeddable":true,"href":"https:\/\/portal.fgeo.gob.mx\/index.php\/wp-json\/wp\/v2\/tags?post=15850"},{"taxonomy":"categoria_noticias","embeddable":true,"href":"https:\/\/portal.fgeo.gob.mx\/index.php\/wp-json\/wp\/v2\/categoria_noticias?post=15850"}],"curies":[{"name":"wp","href":"https:\/\/api.w.org\/{rel}","templated":true}]}}