{"id":15849,"date":"2023-10-25T12:15:38","date_gmt":"2023-10-26T18:15:38","guid":{"rendered":"https:\/\/fge.oaxaca.gob.mx\/?post_type=noticias&amp;p=5410"},"modified":"2023-10-25T12:15:38","modified_gmt":"2023-10-26T18:15:38","slug":"ejecuta-fiscalia-de-oaxaca-orden-de-aprehension-por-tentativa-de-homicidio-contra-adolescente","status":"publish","type":"noticias","link":"https:\/\/portal.fgeo.gob.mx\/index.php\/archivos\/noticias\/ejecuta-fiscalia-de-oaxaca-orden-de-aprehension-por-tentativa-de-homicidio-contra-adolescente","title":{"rendered":"Ejecuta Fiscal\u00eda de Oaxaca orden de aprehensi\u00f3n por Tentativa de Homicidio contra adolescente"},"content":{"rendered":"<p dir=\"ltr\" style=\"text-align: justify;\">\n<b>Oaxaca de Ju\u00e1rez, Oax., a 25 de octubre de 2023. &#8211; <\/b>Como parte de la pol\u00edtica de cero tolerancia hacia delitos cometidos contra ni\u00f1as, ni\u00f1os y adolescentes, la Fiscal\u00eda General del Estado de Oaxaca (FGEO), a trav\u00e9s de la Agencia Estatal de Investigaciones (AEI) ejecut\u00f3 una orden de aprehensi\u00f3n contra S. R. S., por el delito de Homicidio en Grado de Tentativa, en agravio de un adolescente, as\u00ed como Violencia Familiar, por hechos ocurridos en la regi\u00f3n de los Valles Centrales.<\/p>\n<p style=\"text-align: justify;\">\n<p dir=\"ltr\" style=\"text-align: justify;\">\nEl expediente penal del caso, explica que las v\u00edctimas hab\u00edan sufrido violencia previo a estos hechos, por lo que ya hab\u00edan denunciado este tipo de conductas hasta que, el 19 de octubre de 2023, cuando se encontraban en un domicilio particular situado en el barrio de la Mina, de San Francisco Lachigol\u00f3, el agresor trat\u00f3 de estrangular a un adolescente (hijo de la pareja del imputado).\n<\/p>\n<p style=\"text-align: justify;\">\n<p dir=\"ltr\" style=\"text-align: justify;\">\nAnte lo cual, intervino la madre de la v\u00edctima -M. A. G.-, quien tambi\u00e9n sufri\u00f3 violencia, al igual que otras dos de sus hijas -tambi\u00e9n menores de edad, por lo que sus identidades est\u00e1n protegidas por ley-.\n<\/p>\n<p style=\"text-align: justify;\">\n<p dir=\"ltr\" style=\"text-align: justify;\">\nLuego del suceso, las v\u00edctimas acudieron ante la FGEO para poner la denuncia, por la cual se iniciaron las investigaciones pertinentes, a trav\u00e9s de la Unidad Especializada para atender los Delitos contra Ni\u00f1as, Ni\u00f1os y Adolescentes, de reciente creaci\u00f3n, misma que depende de la Fiscal\u00eda Especializada para la Atenci\u00f3n a Delitos Contra la Mujer por Raz\u00f3n de G\u00e9nero.\n<\/p>\n<p style=\"text-align: justify;\">\n<p dir=\"ltr\" style=\"text-align: justify;\">\nLas pruebas presentadas en torno a este caso, se obtuvo una orden de aprehensi\u00f3n, por lo que elementos de la Agencia Estatal de Investigaciones (AEI) localizaron y detuvieron a S. R. S., para dar cumplimiento al mandato judicial, por lo que fue trasladado ante la autoridad ministerial correspondiente para determinar su situaci\u00f3n jur\u00eddica en las pr\u00f3ximas horas.\n<\/p>\n<p style=\"text-align: justify;\">\n<p dir=\"ltr\" style=\"text-align: justify;\">\nLa creaci\u00f3n de nuevas \u00e1reas dentro de la Fiscal\u00eda de Oaxaca son acciones asertivas que forman parte de la reingenier\u00eda que se lleva a cabo al interior de este organismo aut\u00f3nomo, con el objetivo de atender las necesidades de diferentes sectores sociales para garantizar su pleno acceso a la justicia.<\/p>\n","protected":false},"author":3,"featured_media":3175,"comment_status":"closed","ping_status":"closed","template":"","tags":[],"categoria_noticias":[],"class_list":["post-15849","noticias","type-noticias","status-publish","has-post-thumbnail","hentry"],"acf":[],"mb":[],"mfb_rest_fields":["title","gutenberg_elementor_mode"],"_links":{"self":[{"href":"https:\/\/portal.fgeo.gob.mx\/index.php\/wp-json\/wp\/v2\/noticias\/15849","targetHints":{"allow":["GET"]}}],"collection":[{"href":"https:\/\/portal.fgeo.gob.mx\/index.php\/wp-json\/wp\/v2\/noticias"}],"about":[{"href":"https:\/\/portal.fgeo.gob.mx\/index.php\/wp-json\/wp\/v2\/types\/noticias"}],"author":[{"embeddable":true,"href":"https:\/\/portal.fgeo.gob.mx\/index.php\/wp-json\/wp\/v2\/users\/3"}],"replies":[{"embeddable":true,"href":"https:\/\/portal.fgeo.gob.mx\/index.php\/wp-json\/wp\/v2\/comments?post=15849"}],"wp:featuredmedia":[{"embeddable":true,"href":"https:\/\/portal.fgeo.gob.mx\/index.php\/wp-json\/"}],"wp:attachment":[{"href":"https:\/\/portal.fgeo.gob.mx\/index.php\/wp-json\/wp\/v2\/media?parent=15849"}],"wp:term":[{"taxonomy":"post_tag","embeddable":true,"href":"https:\/\/portal.fgeo.gob.mx\/index.php\/wp-json\/wp\/v2\/tags?post=15849"},{"taxonomy":"categoria_noticias","embeddable":true,"href":"https:\/\/portal.fgeo.gob.mx\/index.php\/wp-json\/wp\/v2\/categoria_noticias?post=15849"}],"curies":[{"name":"wp","href":"https:\/\/api.w.org\/{rel}","templated":true}]}}