{"id":15848,"date":"2023-10-24T12:14:10","date_gmt":"2023-10-26T18:14:10","guid":{"rendered":"https:\/\/fge.oaxaca.gob.mx\/?post_type=noticias&amp;p=5409"},"modified":"2023-10-24T12:14:10","modified_gmt":"2023-10-26T18:14:10","slug":"celebra-fgeo-dia-del-empleado-con-justa-deportiva","status":"publish","type":"noticias","link":"https:\/\/portal.fgeo.gob.mx\/index.php\/archivos\/noticias\/celebra-fgeo-dia-del-empleado-con-justa-deportiva","title":{"rendered":"Celebra FGEO \u201cD\u00eda del Empleado\u201d con justa deportiva"},"content":{"rendered":"<p dir=\"ltr\" style=\"text-align: justify;\">\n<b>Oaxaca de Ju\u00e1rez, Oax., a 24 de octubre de 2023. &#8211; <\/b>En el marco de las conmemoraciones enmarcadas en el \u201cD\u00eda del Empleado\u201d que se celebr\u00f3 este 21 de octubre, la Fiscal\u00eda General del Estado de Oaxaca (FGEO) realiza una justa deportiva en los rubros de b\u00e1squetbol, f\u00fatbol, atletismo y voleibol, en la que participan las y los trabajadores del organismo.<\/p>\n<p style=\"text-align: justify;\">\n<p dir=\"ltr\" style=\"text-align: justify;\">\nAl inaugurar los juegos, el Fiscal General del Estado, Bernardo Rodr\u00edguez Alamilla dijo que este tipo de actividades tienen el objetivo de fortalecer el esp\u00edritu de cuerpo de las diferentes \u00e1reas de la Fiscal\u00eda General, pues esto es necesario para poder desarrollar un trabajo sin\u00e9rgico que permita brindar mejores resultados a la sociedad oaxaque\u00f1a.\n<\/p>\n<p style=\"text-align: justify;\">\n<p dir=\"ltr\" style=\"text-align: justify;\">\nRodr\u00edguez Alamilla reconoci\u00f3 el esfuerzo que realizan quienes participan en estas justas deportivas, por lo que a\u00f1adi\u00f3 que esta jornada tambi\u00e9n es una forma de abrir espacios de interacci\u00f3n diferentes a los que tienen que enfrentar las personas que trabajan en la FGEO, pues el deporte es una herramienta que favorece la construcci\u00f3n de fraternidad.\n<\/p>\n<p style=\"text-align: justify;\">\n<p dir=\"ltr\" style=\"text-align: justify;\">\nReconoci\u00f3 el complicado trabajo cotidiano que realizan las personas que integran la Fiscal\u00eda General del Estado, pues demanda un compromiso total por la dificultad de los problemas que se abordan, ante lo que resalt\u00f3 la realizaci\u00f3n de actividades que favorecen la sana convivencia, pues hay que cuidar a quien cuida y ayudar a quien ayuda.\n<\/p>\n<p style=\"text-align: justify;\">\n<p dir=\"ltr\" style=\"text-align: justify;\">\nAcompa\u00f1aron la inauguraci\u00f3n de la justa deportiva el coordinador de la Agencia Estatal de Investigaciones, Jaciel V\u00e1squez Castro; el vicefiscal General de Zona Centro, Alejandro Ram\u00edrez; el Fiscal Especializado Delitos de Alto Impacto (FEDAI), Jos\u00e9 Xabier Ter\u00e1n \u00c1lvarez; la encargada de la Vicefiscal\u00eda General de Control Regional, Leticia Margarita Mendoza Hern\u00e1ndez; las directoras del Servicio Profesional de Carrera, Amalia Rueda Alonso y del Centro de Justicia para Mujeres, Tania Albarr\u00e1n Ocampo; el director de la Escuela Secundaria T\u00e9cnica No. 14 Internado Reyes Mantec\u00f3n, Bulmaro El\u00edas Hern\u00e1ndez; as\u00ed como servidoras y servidores p\u00fablicos de la instituci\u00f3n.\n<\/p>\n<p style=\"text-align: justify;\">\n<p dir=\"ltr\" style=\"text-align: justify;\">\nEl arranque de la jornada deportiva se realiz\u00f3 un partido de b\u00e1squetbol entre los equipos \u201cSabuesos\u201d perteneciente al \u00e1rea de la Vicefiscal\u00eda de Atenci\u00f3n a V\u00edctimas y a la Sociedad, contra \u201cCu\u00e1nticos\u201d, integrado por personal de la ayudant\u00eda de la Fiscal\u00eda General del Estado, adem\u00e1s de una carrera femenil y varonil de relevos cuatro por cuatro.\n<\/p>\n<p style=\"text-align: justify;\">\n<p dir=\"ltr\" style=\"text-align: justify;\">\nLa Fiscal\u00eda General del Estado impulsa actividades deportivas porque es una acci\u00f3n esencial en el proceso de prevenci\u00f3n del delito, por ello, impulsa la participaci\u00f3n de las y los colaboradores de la instituci\u00f3n como una forma de promover la cultura deportiva que favorece la paz y la sana convivencia.<\/p>\n","protected":false},"author":3,"featured_media":3175,"comment_status":"closed","ping_status":"closed","template":"","tags":[],"categoria_noticias":[],"class_list":["post-15848","noticias","type-noticias","status-publish","has-post-thumbnail","hentry"],"acf":[],"mb":[],"mfb_rest_fields":["title","gutenberg_elementor_mode"],"_links":{"self":[{"href":"https:\/\/portal.fgeo.gob.mx\/index.php\/wp-json\/wp\/v2\/noticias\/15848","targetHints":{"allow":["GET"]}}],"collection":[{"href":"https:\/\/portal.fgeo.gob.mx\/index.php\/wp-json\/wp\/v2\/noticias"}],"about":[{"href":"https:\/\/portal.fgeo.gob.mx\/index.php\/wp-json\/wp\/v2\/types\/noticias"}],"author":[{"embeddable":true,"href":"https:\/\/portal.fgeo.gob.mx\/index.php\/wp-json\/wp\/v2\/users\/3"}],"replies":[{"embeddable":true,"href":"https:\/\/portal.fgeo.gob.mx\/index.php\/wp-json\/wp\/v2\/comments?post=15848"}],"wp:featuredmedia":[{"embeddable":true,"href":"https:\/\/portal.fgeo.gob.mx\/index.php\/wp-json\/"}],"wp:attachment":[{"href":"https:\/\/portal.fgeo.gob.mx\/index.php\/wp-json\/wp\/v2\/media?parent=15848"}],"wp:term":[{"taxonomy":"post_tag","embeddable":true,"href":"https:\/\/portal.fgeo.gob.mx\/index.php\/wp-json\/wp\/v2\/tags?post=15848"},{"taxonomy":"categoria_noticias","embeddable":true,"href":"https:\/\/portal.fgeo.gob.mx\/index.php\/wp-json\/wp\/v2\/categoria_noticias?post=15848"}],"curies":[{"name":"wp","href":"https:\/\/api.w.org\/{rel}","templated":true}]}}