{"id":15847,"date":"2023-10-24T12:12:38","date_gmt":"2023-10-26T18:12:38","guid":{"rendered":"https:\/\/fge.oaxaca.gob.mx\/?post_type=noticias&amp;p=5408"},"modified":"2023-10-24T12:12:38","modified_gmt":"2023-10-26T18:12:38","slug":"fiscalia-de-oaxaca-ejecuta-orden-de-aprehension-en-san-felipe-del-agua-por-delito-de-violacion-agravada","status":"publish","type":"noticias","link":"https:\/\/portal.fgeo.gob.mx\/index.php\/archivos\/noticias\/fiscalia-de-oaxaca-ejecuta-orden-de-aprehension-en-san-felipe-del-agua-por-delito-de-violacion-agravada","title":{"rendered":"Fiscal\u00eda de Oaxaca ejecuta orden de aprehensi\u00f3n en San Felipe del Agua, por delito de Violaci\u00f3n Agravada"},"content":{"rendered":"<p dir=\"ltr\" style=\"text-align: justify;\">\n<b>Oaxaca de Ju\u00e1rez, Oax., a 24 de octubre de 2023. &#8211; <\/b>La Fiscal\u00eda General del Estado de Oaxaca, a trav\u00e9s de la Agencia Estatal de Investigaciones (AEI) ejecut\u00f3 una orden de aprehensi\u00f3n en la agencia municipal de San Felipe del Agua, perteneciente a la capital, contra un hombre identificado como S.O.N.C., por el delito de Violaci\u00f3n Agravada.<\/p>\n<p style=\"text-align: justify;\">\n<p dir=\"ltr\" style=\"text-align: justify;\">\nDe acuerdo con la denuncia presentada, la v\u00edctima -de quien se omiten sus generales al estar protegidos por la ley- fue agredida sexualmente cuando era adolescente por su padre adoptivo, configur\u00e1ndose el delito de violaci\u00f3n.\n<\/p>\n<p style=\"text-align: justify;\">\n<p dir=\"ltr\" style=\"text-align: justify;\">\nLuego de haber presentado las pruebas suficientes por parte del \u00e1rea de G\u00e9nero de la Vicefiscal\u00eda General Zona Centro, el Juez que atiende la causa concedi\u00f3 la orden de aprehensi\u00f3n.\n<\/p>\n<p style=\"text-align: justify;\">\n<p dir=\"ltr\" style=\"text-align: justify;\">\nAnte ello, elementos de la AEI ejecutaron el mandato judicial este martes 24 de octubre, en inmediaciones de San Felipe del Agua, por lo que la Fiscal\u00eda del Estado hace la precisi\u00f3n que respecto al video que circula en redes sociales se descarta completamente que se trate de un secuestro, en cambio muestra la detenci\u00f3n legal de S.O.N.C. quien ser\u00e1 presentado ante la autoridad ministerial correspondiente para determinar su situaci\u00f3n jur\u00eddica.<\/p>\n","protected":false},"author":3,"featured_media":3175,"comment_status":"closed","ping_status":"closed","template":"","tags":[],"categoria_noticias":[],"class_list":["post-15847","noticias","type-noticias","status-publish","has-post-thumbnail","hentry"],"acf":[],"mb":[],"mfb_rest_fields":["title","gutenberg_elementor_mode"],"_links":{"self":[{"href":"https:\/\/portal.fgeo.gob.mx\/index.php\/wp-json\/wp\/v2\/noticias\/15847","targetHints":{"allow":["GET"]}}],"collection":[{"href":"https:\/\/portal.fgeo.gob.mx\/index.php\/wp-json\/wp\/v2\/noticias"}],"about":[{"href":"https:\/\/portal.fgeo.gob.mx\/index.php\/wp-json\/wp\/v2\/types\/noticias"}],"author":[{"embeddable":true,"href":"https:\/\/portal.fgeo.gob.mx\/index.php\/wp-json\/wp\/v2\/users\/3"}],"replies":[{"embeddable":true,"href":"https:\/\/portal.fgeo.gob.mx\/index.php\/wp-json\/wp\/v2\/comments?post=15847"}],"wp:featuredmedia":[{"embeddable":true,"href":"https:\/\/portal.fgeo.gob.mx\/index.php\/wp-json\/"}],"wp:attachment":[{"href":"https:\/\/portal.fgeo.gob.mx\/index.php\/wp-json\/wp\/v2\/media?parent=15847"}],"wp:term":[{"taxonomy":"post_tag","embeddable":true,"href":"https:\/\/portal.fgeo.gob.mx\/index.php\/wp-json\/wp\/v2\/tags?post=15847"},{"taxonomy":"categoria_noticias","embeddable":true,"href":"https:\/\/portal.fgeo.gob.mx\/index.php\/wp-json\/wp\/v2\/categoria_noticias?post=15847"}],"curies":[{"name":"wp","href":"https:\/\/api.w.org\/{rel}","templated":true}]}}