{"id":15845,"date":"2023-09-13T11:59:30","date_gmt":"2023-10-26T17:59:30","guid":{"rendered":"https:\/\/fge.oaxaca.gob.mx\/?post_type=noticias&amp;p=5406"},"modified":"2023-09-13T11:59:30","modified_gmt":"2023-10-26T17:59:30","slug":"fiscalia-de-oaxaca-obtiene-sentencia-de-30-anos-de-prision-contra-responsable-de-violacion-cometida-contra-menor-de-edad","status":"publish","type":"noticias","link":"https:\/\/portal.fgeo.gob.mx\/index.php\/archivos\/noticias\/fiscalia-de-oaxaca-obtiene-sentencia-de-30-anos-de-prision-contra-responsable-de-violacion-cometida-contra-menor-de-edad","title":{"rendered":"Fiscal\u00eda de Oaxaca obtiene sentencia de 30 a\u00f1os de prisi\u00f3n contra responsable de violaci\u00f3n cometida contra menor de edad"},"content":{"rendered":"<p dir=\"ltr\" style=\"text-align: justify;\">\n<b>Oaxaca de Ju\u00e1rez, Oax., a 13 de septiembre de 2023. &#8211; <\/b>El trabajo con perspectiva de g\u00e9nero que lleva a cabo la Fiscal\u00eda General del Estado de Oaxaca (FGEO), a trav\u00e9s de sus \u00e1reas especializadas, dio como resultado la obtenci\u00f3n de una sentencia condenatoria de 30 a\u00f1os de prisi\u00f3n en contra de W.C.R., responsable por el delito de Equiparado a la Violaci\u00f3n, cometido en contra de una menor de edad, en la regi\u00f3n de la Costa.<\/p>\n<p style=\"text-align: justify;\">\n<p dir=\"ltr\" style=\"text-align: justify;\">\nLos hechos sucedieron el 16 de agosto de 2018, cuando la v\u00edctima (cuya identidad est\u00e1 reservada por ley) se encontraba en su domicilio, localizado en Puerto Escondido, en el municipio de San Pedro Mixtepec.<\/p>\n<p style=\"text-align: justify;\">\n<p dir=\"ltr\" style=\"text-align: justify;\">\nEn ese momento, fue sorprendida por W.C.R., quien la agredi\u00f3 sexualmente, conducta que se configura en el delito de Equiparada a la Violaci\u00f3n Agravada.\n<\/p>\n<p style=\"text-align: justify;\">\n<p dir=\"ltr\" style=\"text-align: justify;\">\nLuego que la FGEO recibi\u00f3 la denuncia, se iniciaron las investigaciones correspondientes a trav\u00e9s de la Vicefiscal\u00eda Regional de la Costa, que logr\u00f3 la detenci\u00f3n del imputado a quien llev\u00f3 ante las autoridades.\n<\/p>\n<p style=\"text-align: justify;\">\n<p dir=\"ltr\" style=\"text-align: justify;\">\nEl Juez que atiende la causa evalu\u00f3 las pruebas aportadas por el Ministerio P\u00fablico y dict\u00f3 sentencia condenatoria de 30 a\u00f1os de prisi\u00f3n en contra de W. C. R., adem\u00e1s que impuso el pago de m\u00e1s de 211 mil pesos por el concepto multa.\n<\/p>\n<p style=\"text-align: justify;\">\n<p dir=\"ltr\" style=\"text-align: justify;\">\nLa Fiscal\u00eda de Oaxaca cuenta con \u00e1reas de atenci\u00f3n especializada para dar acompa\u00f1amiento integral a las v\u00edctimas en sus procesos de procuraci\u00f3n de justicia.<\/p>\n","protected":false},"author":3,"featured_media":3175,"comment_status":"closed","ping_status":"closed","template":"","tags":[],"categoria_noticias":[],"class_list":["post-15845","noticias","type-noticias","status-publish","has-post-thumbnail","hentry"],"acf":[],"mb":[],"mfb_rest_fields":["title","gutenberg_elementor_mode"],"_links":{"self":[{"href":"https:\/\/portal.fgeo.gob.mx\/index.php\/wp-json\/wp\/v2\/noticias\/15845","targetHints":{"allow":["GET"]}}],"collection":[{"href":"https:\/\/portal.fgeo.gob.mx\/index.php\/wp-json\/wp\/v2\/noticias"}],"about":[{"href":"https:\/\/portal.fgeo.gob.mx\/index.php\/wp-json\/wp\/v2\/types\/noticias"}],"author":[{"embeddable":true,"href":"https:\/\/portal.fgeo.gob.mx\/index.php\/wp-json\/wp\/v2\/users\/3"}],"replies":[{"embeddable":true,"href":"https:\/\/portal.fgeo.gob.mx\/index.php\/wp-json\/wp\/v2\/comments?post=15845"}],"wp:featuredmedia":[{"embeddable":true,"href":"https:\/\/portal.fgeo.gob.mx\/index.php\/wp-json\/"}],"wp:attachment":[{"href":"https:\/\/portal.fgeo.gob.mx\/index.php\/wp-json\/wp\/v2\/media?parent=15845"}],"wp:term":[{"taxonomy":"post_tag","embeddable":true,"href":"https:\/\/portal.fgeo.gob.mx\/index.php\/wp-json\/wp\/v2\/tags?post=15845"},{"taxonomy":"categoria_noticias","embeddable":true,"href":"https:\/\/portal.fgeo.gob.mx\/index.php\/wp-json\/wp\/v2\/categoria_noticias?post=15845"}],"curies":[{"name":"wp","href":"https:\/\/api.w.org\/{rel}","templated":true}]}}