{"id":15844,"date":"2023-09-13T11:57:39","date_gmt":"2023-10-26T17:57:39","guid":{"rendered":"https:\/\/fge.oaxaca.gob.mx\/?post_type=noticias&amp;p=5405"},"modified":"2023-09-13T11:57:39","modified_gmt":"2023-10-26T17:57:39","slug":"judicializa-fiscalia-de-oaxaca-caso-de-crueldad-animal","status":"publish","type":"noticias","link":"https:\/\/portal.fgeo.gob.mx\/index.php\/archivos\/noticias\/judicializa-fiscalia-de-oaxaca-caso-de-crueldad-animal","title":{"rendered":"Judicializa Fiscal\u00eda de Oaxaca caso de crueldad animal"},"content":{"rendered":"<p dir=\"ltr\" style=\"text-align: justify;\">\n<b>Oaxaca de Ju\u00e1rez, Oax., a 13 de septiembre de 2023. &#8211; <\/b>La Fiscal\u00eda General del Estado de Oaxaca (FGEO) logr\u00f3 que se judicializara el caso de una agresi\u00f3n cometida contra un animal vertebrado, registrada el pasado 11 de agosto de 2023 en San Antonio de la Cal.<\/p>\n<p style=\"text-align: justify;\">\n<p dir=\"ltr\" style=\"text-align: justify;\">\nA trav\u00e9s de las investigaciones realizadas por la Unidad Operativa Especializada contra la Crueldad Animal, perteneciente a la Direcci\u00f3n de Averiguaciones Previas, la FGEO obtuvo evidencia cient\u00edfica suficiente -con la participaci\u00f3n de un perito veterinario, as\u00ed como de agentes del Ministerio P\u00fablico-, que permitieron llevar ante el juez el caso.<\/p>\n<p style=\"text-align: justify;\">\n<p dir=\"ltr\" style=\"text-align: justify;\">\nDe acuerdo con la causa penal 996\/2023, los hechos tuvieron lugar en San Antonio de la Cal, donde la persona imputada habr\u00eda causado lesiones a un perro con un objeto corto contundente (machete), mismas que pusieron en peligro la vida del animal.\n<\/p>\n<p style=\"text-align: justify;\">\n<p dir=\"ltr\" style=\"text-align: justify;\">\nDebido a esto, la Unidad Operativa Especializada contra la Crueldad Animal tom\u00f3 el caso y despleg\u00f3 un equipo multidisciplinario especializado, que permiti\u00f3 obtener indicios para solicitar ante el juez la audiencia correspondiente que est\u00e1 por ser agendada.\n<\/p>\n<p style=\"text-align: justify;\">\n<p dir=\"ltr\" style=\"text-align: justify;\">\nLa Fiscal\u00eda General del Estado investiga y atiende los casos de delitos cometidos en contra de animales vertebrados, pues el maltrato y violencia en su contra est\u00e1 tipificado en el C\u00f3digo Penal de Oaxaca.<\/p>\n","protected":false},"author":3,"featured_media":3175,"comment_status":"closed","ping_status":"closed","template":"","tags":[],"categoria_noticias":[],"class_list":["post-15844","noticias","type-noticias","status-publish","has-post-thumbnail","hentry"],"acf":[],"mb":[],"mfb_rest_fields":["title","gutenberg_elementor_mode"],"_links":{"self":[{"href":"https:\/\/portal.fgeo.gob.mx\/index.php\/wp-json\/wp\/v2\/noticias\/15844","targetHints":{"allow":["GET"]}}],"collection":[{"href":"https:\/\/portal.fgeo.gob.mx\/index.php\/wp-json\/wp\/v2\/noticias"}],"about":[{"href":"https:\/\/portal.fgeo.gob.mx\/index.php\/wp-json\/wp\/v2\/types\/noticias"}],"author":[{"embeddable":true,"href":"https:\/\/portal.fgeo.gob.mx\/index.php\/wp-json\/wp\/v2\/users\/3"}],"replies":[{"embeddable":true,"href":"https:\/\/portal.fgeo.gob.mx\/index.php\/wp-json\/wp\/v2\/comments?post=15844"}],"wp:featuredmedia":[{"embeddable":true,"href":"https:\/\/portal.fgeo.gob.mx\/index.php\/wp-json\/"}],"wp:attachment":[{"href":"https:\/\/portal.fgeo.gob.mx\/index.php\/wp-json\/wp\/v2\/media?parent=15844"}],"wp:term":[{"taxonomy":"post_tag","embeddable":true,"href":"https:\/\/portal.fgeo.gob.mx\/index.php\/wp-json\/wp\/v2\/tags?post=15844"},{"taxonomy":"categoria_noticias","embeddable":true,"href":"https:\/\/portal.fgeo.gob.mx\/index.php\/wp-json\/wp\/v2\/categoria_noticias?post=15844"}],"curies":[{"name":"wp","href":"https:\/\/api.w.org\/{rel}","templated":true}]}}