{"id":15843,"date":"2023-09-12T11:54:25","date_gmt":"2023-10-26T17:54:25","guid":{"rendered":"https:\/\/fge.oaxaca.gob.mx\/?post_type=noticias&amp;p=5402"},"modified":"2023-09-12T11:54:25","modified_gmt":"2023-10-26T17:54:25","slug":"firma-convenio-de-colaboracion-fiscalia-de-oaxaca-con-instituto-de-investigaciones-juridicas-de-la-unam","status":"publish","type":"noticias","link":"https:\/\/portal.fgeo.gob.mx\/index.php\/archivos\/noticias\/firma-convenio-de-colaboracion-fiscalia-de-oaxaca-con-instituto-de-investigaciones-juridicas-de-la-unam","title":{"rendered":"Firma convenio de colaboraci\u00f3n Fiscal\u00eda de Oaxaca con Instituto de Investigaciones Jur\u00eddicas de la UNAM"},"content":{"rendered":"<p dir=\"ltr\" style=\"text-align: justify;\">\n<b>Oaxaca de Ju\u00e1rez, Oax., a 12 de septiembre de 2023. &#8211; <\/b>Al firmar un convenio de colaboraci\u00f3n con el Instituto de Investigaciones Jur\u00eddicas de la Universidad Nacional Aut\u00f3noma de M\u00e9xico (UNAM), el Fiscal General del Estado de Oaxaca, Bernardo Rodr\u00edguez Alamilla afirm\u00f3 que a trav\u00e9s de estas acciones se impulsan procesos para fortalecer las capacidades del personal del organismo procurador de justicia, por ello, este tipo de colaboraciones permiten acercarles herramientas que favorezcan estos procesos.<\/p>\n<p style=\"text-align: justify;\">\n<p dir=\"ltr\" style=\"text-align: justify;\">\nDurante el acto protocolario estuvieron presentes la directora del Instituto de Investigaciones Jur\u00eddicas de la UNAM, M\u00f3nica Gonz\u00e1lez Contr\u00f3; la coordinadora de Humanidades de esta instituci\u00f3n acad\u00e9mica, Guadalupe Valencia Garc\u00eda; as\u00ed como el director del Instituto de Formaci\u00f3n y Capacitaci\u00f3n Profesional de la FGEO, Juan Pablo Morales Garc\u00eda.\n<\/p>\n<p style=\"text-align: justify;\">\n<p dir=\"ltr\" style=\"text-align: justify;\">\nEn este marco, el Fiscal General, Bernardo Rodr\u00edguez puntualiz\u00f3 que este convenio tiene el objetivo de establecer una colaboraci\u00f3n en materia de investigaci\u00f3n, docencia, difusi\u00f3n y extensi\u00f3n de la cultura jur\u00eddica, lo que permitir\u00e1 especializar y mantener actualizado al personal.\n<\/p>\n<p style=\"text-align: justify;\">\n<p dir=\"ltr\" style=\"text-align: justify;\">\nResalt\u00f3 que los problemas que existen en materia de procuraci\u00f3n de justicia en Oaxaca y en todo el pa\u00eds han sido abordados desde la investigaci\u00f3n acad\u00e9mica por parte la UNAM, por ello, este tipo de intercambio permite que la Fiscal\u00eda incluya una nueva perspectiva al an\u00e1lisis y atenci\u00f3n del fen\u00f3meno criminal.\n<\/p>\n<p style=\"text-align: justify;\">\n<p dir=\"ltr\" style=\"text-align: justify;\">\nFinalmente, Bernardo Rodr\u00edguez Alamilla reiter\u00f3 su compromiso de fortalecer lazos de colaboraci\u00f3n para una adecuada procuraci\u00f3n de justicia con las instancias acad\u00e9micas, porque, por medio del intercambio entre diversas instancias ampl\u00eda las miradas y permite coadyuvar en la construcci\u00f3n de realidades distintas.<\/p>\n","protected":false},"author":3,"featured_media":3175,"comment_status":"closed","ping_status":"closed","template":"","tags":[],"categoria_noticias":[],"class_list":["post-15843","noticias","type-noticias","status-publish","has-post-thumbnail","hentry"],"acf":[],"mb":[],"mfb_rest_fields":["title","gutenberg_elementor_mode"],"_links":{"self":[{"href":"https:\/\/portal.fgeo.gob.mx\/index.php\/wp-json\/wp\/v2\/noticias\/15843","targetHints":{"allow":["GET"]}}],"collection":[{"href":"https:\/\/portal.fgeo.gob.mx\/index.php\/wp-json\/wp\/v2\/noticias"}],"about":[{"href":"https:\/\/portal.fgeo.gob.mx\/index.php\/wp-json\/wp\/v2\/types\/noticias"}],"author":[{"embeddable":true,"href":"https:\/\/portal.fgeo.gob.mx\/index.php\/wp-json\/wp\/v2\/users\/3"}],"replies":[{"embeddable":true,"href":"https:\/\/portal.fgeo.gob.mx\/index.php\/wp-json\/wp\/v2\/comments?post=15843"}],"wp:featuredmedia":[{"embeddable":true,"href":"https:\/\/portal.fgeo.gob.mx\/index.php\/wp-json\/"}],"wp:attachment":[{"href":"https:\/\/portal.fgeo.gob.mx\/index.php\/wp-json\/wp\/v2\/media?parent=15843"}],"wp:term":[{"taxonomy":"post_tag","embeddable":true,"href":"https:\/\/portal.fgeo.gob.mx\/index.php\/wp-json\/wp\/v2\/tags?post=15843"},{"taxonomy":"categoria_noticias","embeddable":true,"href":"https:\/\/portal.fgeo.gob.mx\/index.php\/wp-json\/wp\/v2\/categoria_noticias?post=15843"}],"curies":[{"name":"wp","href":"https:\/\/api.w.org\/{rel}","templated":true}]}}