{"id":15842,"date":"2023-09-12T11:52:59","date_gmt":"2023-10-26T17:52:59","guid":{"rendered":"https:\/\/fge.oaxaca.gob.mx\/?post_type=noticias&amp;p=5401"},"modified":"2023-09-12T11:52:59","modified_gmt":"2023-10-26T17:52:59","slug":"en-prision-y-vinculados-a-proceso-dos-imputados-por-agresion-armada-cometida-en-la-mixteca-fiscalia-de-oaxaca","status":"publish","type":"noticias","link":"https:\/\/portal.fgeo.gob.mx\/index.php\/archivos\/noticias\/en-prision-y-vinculados-a-proceso-dos-imputados-por-agresion-armada-cometida-en-la-mixteca-fiscalia-de-oaxaca","title":{"rendered":"En prisi\u00f3n y vinculados a proceso, dos imputados por agresi\u00f3n armada cometida en la Mixteca: Fiscal\u00eda de Oaxaca"},"content":{"rendered":"<p dir=\"ltr\" style=\"text-align: justify;\">\n<b>Oaxaca de Ju\u00e1rez, Oax., a 12 de septiembre de 2023. &#8211; <\/b> La Fiscal\u00eda General del Estado de Oaxaca (FGEO) obtuvo auto de vinculaci\u00f3n a proceso contra dos imputados por el delito de Homicidio Calificado en grado de Tentativa, cometido en contra de dos personas que fueron v\u00edctimas de una agresi\u00f3n armada en la regi\u00f3n de la Mixteca.<\/p>\n<p style=\"text-align: justify;\">\n<p dir=\"ltr\" style=\"text-align: justify;\">\nLos hechos ocurrieron el 31 de agosto de 2023, cuando las dos v\u00edctimas (hombres cuya identidad se reserva) circulaban por calles de la colonia San Mateo de Huajuapan de Le\u00f3n, cuando fueron interceptados por una camioneta cuyos pasajeros les dispararon con armas de fuego.\n<\/p>\n<p style=\"text-align: justify;\">\n<p dir=\"ltr\" style=\"text-align: justify;\">\nAnte la agresi\u00f3n, las v\u00edctimas huyeron hasta ponerse a salvo de los agresores, aunque una de las personas afectadas result\u00f3 son lesiones, por lo que dieron intervenci\u00f3n a la FGEO que inici\u00f3 las investigaciones a trav\u00e9s de la Vicefiscal\u00eda Regional de la Mixteca.\n<\/p>\n<p style=\"text-align: justify;\">\n<p dir=\"ltr\" style=\"text-align: justify;\">\nDerivado de las labores ministeriales se obtuvo la orden de aprehensi\u00f3n que se ejecut\u00f3 contra G. A. M. y J. R. C. J., quienes fueron presentados ante el Juez que atiende la causa, el cual dict\u00f3 auto de vinculaci\u00f3n a proceso en contra de ambos imputados, a los que impuso prisi\u00f3n preventiva y otorg\u00f3 tres meses para el cierre de la investigaci\u00f3n complementaria.\n<\/p>\n<p style=\"text-align: justify;\">\n<p dir=\"ltr\" style=\"text-align: justify;\">\nLa Fiscal\u00eda de Oaxaca realiza acciones oportunas e investigaciones expeditas que, en suma, permiten que las v\u00edctimas tengan acceso pleno e integral a la justicia.<\/p>\n","protected":false},"author":3,"featured_media":3175,"comment_status":"closed","ping_status":"closed","template":"","tags":[],"categoria_noticias":[],"class_list":["post-15842","noticias","type-noticias","status-publish","has-post-thumbnail","hentry"],"acf":[],"mb":[],"mfb_rest_fields":["title","gutenberg_elementor_mode"],"_links":{"self":[{"href":"https:\/\/portal.fgeo.gob.mx\/index.php\/wp-json\/wp\/v2\/noticias\/15842","targetHints":{"allow":["GET"]}}],"collection":[{"href":"https:\/\/portal.fgeo.gob.mx\/index.php\/wp-json\/wp\/v2\/noticias"}],"about":[{"href":"https:\/\/portal.fgeo.gob.mx\/index.php\/wp-json\/wp\/v2\/types\/noticias"}],"author":[{"embeddable":true,"href":"https:\/\/portal.fgeo.gob.mx\/index.php\/wp-json\/wp\/v2\/users\/3"}],"replies":[{"embeddable":true,"href":"https:\/\/portal.fgeo.gob.mx\/index.php\/wp-json\/wp\/v2\/comments?post=15842"}],"wp:featuredmedia":[{"embeddable":true,"href":"https:\/\/portal.fgeo.gob.mx\/index.php\/wp-json\/"}],"wp:attachment":[{"href":"https:\/\/portal.fgeo.gob.mx\/index.php\/wp-json\/wp\/v2\/media?parent=15842"}],"wp:term":[{"taxonomy":"post_tag","embeddable":true,"href":"https:\/\/portal.fgeo.gob.mx\/index.php\/wp-json\/wp\/v2\/tags?post=15842"},{"taxonomy":"categoria_noticias","embeddable":true,"href":"https:\/\/portal.fgeo.gob.mx\/index.php\/wp-json\/wp\/v2\/categoria_noticias?post=15842"}],"curies":[{"name":"wp","href":"https:\/\/api.w.org\/{rel}","templated":true}]}}