{"id":15841,"date":"2023-09-11T11:50:56","date_gmt":"2023-10-26T17:50:56","guid":{"rendered":"https:\/\/fge.oaxaca.gob.mx\/?post_type=noticias&amp;p=5400"},"modified":"2023-09-11T11:50:56","modified_gmt":"2023-10-26T17:50:56","slug":"logra-fgeo-vinculacion-a-proceso-contra-imputado-por-homicidio-calificado-cometido-en-huatulco","status":"publish","type":"noticias","link":"https:\/\/portal.fgeo.gob.mx\/index.php\/archivos\/noticias\/logra-fgeo-vinculacion-a-proceso-contra-imputado-por-homicidio-calificado-cometido-en-huatulco","title":{"rendered":"Logra FGEO vinculaci\u00f3n a proceso contra imputado por homicidio calificado cometido en Huatulco"},"content":{"rendered":"<p dir=\"ltr\" style=\"text-align: justify;\">\n<b>Oaxaca de Ju\u00e1rez, Oax., a 11 de septiembre de 2023. &#8211; <\/b>La Fiscal\u00eda General del Estado de Oaxaca (FGEO) obtuvo auto de vinculaci\u00f3n a proceso en contra de una persona del sexo masculino identificada como V.J.P., por el delito homicidio calificado con ventaja, en hechos ocurridos en la regi\u00f3n de la Costa.<\/p>\n<p style=\"text-align: justify;\">\n<p dir=\"ltr\" style=\"text-align: justify;\">\nDe acuerdo con el expediente penal, el 24 de agosto del 2023 la v\u00edctima identificada como R.M.M. sali\u00f3 de su domicilio a bordo de su camioneta con destino a Santa Cruz Huatulco, pero nunca lleg\u00f3, por lo que fue reportado como no localizado.<\/p>\n<p style=\"text-align: justify;\">\n<p dir=\"ltr\" style=\"text-align: justify;\">\nAnte la ausencia de R. M. M., su familia decidi\u00f3 denunciar la desaparici\u00f3n ante la FGEO, por lo que la Vicefiscal\u00eda Regional de la Costa emiti\u00f3 una ficha de b\u00fasqueda y realiz\u00f3 las labores de rastreo correspondientes para dar con su paradero.<\/p>\n<p style=\"text-align: justify;\">\n<p dir=\"ltr\" style=\"text-align: justify;\">\nDerivado de las labores de investigaci\u00f3n, la Fiscal\u00eda localiz\u00f3 el veh\u00edculo en el que vieron por \u00faltima vez a la v\u00edctima el 29 de agosto, y dando seguimiento al caso, se obtuvo la localizaci\u00f3n del cuerpo sin vida de la persona reportada como no localizada el pasado 31 de agosto.<\/p>\n<p style=\"text-align: justify;\">\n<p dir=\"ltr\" style=\"text-align: justify;\">\nAnte ello, el 4 de septiembre se llev\u00f3 a cabo la ejecuci\u00f3n de la orden de aprehensi\u00f3n contra V.J.P., y tras las pruebas presentadas por la Vicefiscal\u00eda de la Costa, se el Juez concedi\u00f3 el auto de vinculaci\u00f3n a proceso e impuso prisi\u00f3n preventiva, adem\u00e1s otorg\u00f3 un plazo de dos meses para el cierre de la investigaci\u00f3n.<\/p>\n<p style=\"text-align: justify;\">\n<p dir=\"ltr\" style=\"text-align: justify;\">\nLa Fiscal\u00eda de Oaxaca realiza investigaciones con m\u00e9todos cient\u00edficos con el objetivo de entregar resultados eficientes para garantizar un pleno acceso a la procuraci\u00f3n de justicia de las v\u00edctimas directas e indirectas de los delitos.<\/p>\n","protected":false},"author":3,"featured_media":3175,"comment_status":"closed","ping_status":"closed","template":"","tags":[],"categoria_noticias":[],"class_list":["post-15841","noticias","type-noticias","status-publish","has-post-thumbnail","hentry"],"acf":[],"mb":[],"mfb_rest_fields":["title","gutenberg_elementor_mode"],"_links":{"self":[{"href":"https:\/\/portal.fgeo.gob.mx\/index.php\/wp-json\/wp\/v2\/noticias\/15841","targetHints":{"allow":["GET"]}}],"collection":[{"href":"https:\/\/portal.fgeo.gob.mx\/index.php\/wp-json\/wp\/v2\/noticias"}],"about":[{"href":"https:\/\/portal.fgeo.gob.mx\/index.php\/wp-json\/wp\/v2\/types\/noticias"}],"author":[{"embeddable":true,"href":"https:\/\/portal.fgeo.gob.mx\/index.php\/wp-json\/wp\/v2\/users\/3"}],"replies":[{"embeddable":true,"href":"https:\/\/portal.fgeo.gob.mx\/index.php\/wp-json\/wp\/v2\/comments?post=15841"}],"wp:featuredmedia":[{"embeddable":true,"href":"https:\/\/portal.fgeo.gob.mx\/index.php\/wp-json\/"}],"wp:attachment":[{"href":"https:\/\/portal.fgeo.gob.mx\/index.php\/wp-json\/wp\/v2\/media?parent=15841"}],"wp:term":[{"taxonomy":"post_tag","embeddable":true,"href":"https:\/\/portal.fgeo.gob.mx\/index.php\/wp-json\/wp\/v2\/tags?post=15841"},{"taxonomy":"categoria_noticias","embeddable":true,"href":"https:\/\/portal.fgeo.gob.mx\/index.php\/wp-json\/wp\/v2\/categoria_noticias?post=15841"}],"curies":[{"name":"wp","href":"https:\/\/api.w.org\/{rel}","templated":true}]}}