{"id":15840,"date":"2023-09-11T11:49:33","date_gmt":"2023-10-26T17:49:33","guid":{"rendered":"https:\/\/fge.oaxaca.gob.mx\/?post_type=noticias&amp;p=5399"},"modified":"2023-09-11T11:49:33","modified_gmt":"2023-10-26T17:49:33","slug":"fiscalia-de-oaxaca-obtiene-sentencia-mayor-a-21-anos-en-contra-de-homicida-de-la-sierra-flores-magon","status":"publish","type":"noticias","link":"https:\/\/portal.fgeo.gob.mx\/index.php\/archivos\/noticias\/fiscalia-de-oaxaca-obtiene-sentencia-mayor-a-21-anos-en-contra-de-homicida-de-la-sierra-flores-magon","title":{"rendered":"Fiscal\u00eda de Oaxaca obtiene sentencia mayor a 21 a\u00f1os en contra de homicida de la Sierra Flores Mag\u00f3n"},"content":{"rendered":"<p dir=\"ltr\" style=\"text-align: justify;\">\n<b>Oaxaca de Ju\u00e1rez, Oax., a 11 de septiembre de 2023. &#8211; <\/b>La Fiscal\u00eda General del Estado de Oaxaca (FGEO) obtuvo una sentencia condenatoria de 21 a\u00f1os con 9 meses de prisi\u00f3n contra una persona del sexo masculino identificado como E.C.C., responsable del delito de homicidio simple, cometido en agravio de S.S., en hechos ocurridos en la regi\u00f3n de la Sierra Flores Mag\u00f3n.<\/p>\n<p style=\"text-align: justify;\">\n<p dir=\"ltr\" style=\"text-align: justify;\">\nDe acuerdo con la causa penal del caso, los sucesos ocurrieron el 16 de enero de 2021, cuando la v\u00edctima circulaba a bordo de una camioneta por calles de la localidad de Buenos Aires, en el municipio de Cuyamecalco Villa de Zaragoza, momento en que se estacion\u00f3 y fue agredido con un palo con el que fue golpeado en distintas partes del cuerpo a la v\u00edctima, a consecuencia de dichas lesiones, la v\u00edctima perdi\u00f3 la vida.\n<\/p>\n<p style=\"text-align: justify;\">\n<p dir=\"ltr\" style=\"text-align: justify;\">\nAnte los hechos, la Vicefiscal\u00eda General de Control Regional atrajo las investigaciones del caso, las cuales permitieron la detenci\u00f3n de E.C.C., quien fue presentado ante el Juez que, luego de evaluar las pruebas aportadas por la FGEO, dict\u00f3 sentencia condenatoria de 21 a\u00f1os con 9 meses de prisi\u00f3n en contra del responsable e impuso el pago de m\u00e1s de 448 mil pesos por el concepto de pago de reparaci\u00f3n del da\u00f1o por el delito de homicidio simple, a favor de la v\u00edctima indirecta.\n<\/p>\n<p style=\"text-align: justify;\">\n<p dir=\"ltr\" style=\"text-align: justify;\">\nEl trabajo de la Fiscal\u00eda tiene como primer objetivo que las v\u00edctimas tengan el acceso pleno a la justicia y la reparaci\u00f3n integral del da\u00f1o.<\/p>\n","protected":false},"author":3,"featured_media":3175,"comment_status":"closed","ping_status":"closed","template":"","tags":[],"categoria_noticias":[],"class_list":["post-15840","noticias","type-noticias","status-publish","has-post-thumbnail","hentry"],"acf":[],"mb":[],"mfb_rest_fields":["title","gutenberg_elementor_mode"],"_links":{"self":[{"href":"https:\/\/portal.fgeo.gob.mx\/index.php\/wp-json\/wp\/v2\/noticias\/15840","targetHints":{"allow":["GET"]}}],"collection":[{"href":"https:\/\/portal.fgeo.gob.mx\/index.php\/wp-json\/wp\/v2\/noticias"}],"about":[{"href":"https:\/\/portal.fgeo.gob.mx\/index.php\/wp-json\/wp\/v2\/types\/noticias"}],"author":[{"embeddable":true,"href":"https:\/\/portal.fgeo.gob.mx\/index.php\/wp-json\/wp\/v2\/users\/3"}],"replies":[{"embeddable":true,"href":"https:\/\/portal.fgeo.gob.mx\/index.php\/wp-json\/wp\/v2\/comments?post=15840"}],"wp:featuredmedia":[{"embeddable":true,"href":"https:\/\/portal.fgeo.gob.mx\/index.php\/wp-json\/"}],"wp:attachment":[{"href":"https:\/\/portal.fgeo.gob.mx\/index.php\/wp-json\/wp\/v2\/media?parent=15840"}],"wp:term":[{"taxonomy":"post_tag","embeddable":true,"href":"https:\/\/portal.fgeo.gob.mx\/index.php\/wp-json\/wp\/v2\/tags?post=15840"},{"taxonomy":"categoria_noticias","embeddable":true,"href":"https:\/\/portal.fgeo.gob.mx\/index.php\/wp-json\/wp\/v2\/categoria_noticias?post=15840"}],"curies":[{"name":"wp","href":"https:\/\/api.w.org\/{rel}","templated":true}]}}