{"id":15839,"date":"2023-09-10T11:46:24","date_gmt":"2023-10-26T17:46:24","guid":{"rendered":"https:\/\/fge.oaxaca.gob.mx\/?post_type=noticias&amp;p=5398"},"modified":"2023-09-10T11:46:24","modified_gmt":"2023-10-26T17:46:24","slug":"rinde-fiscalia-de-oaxaca-honores-a-la-bandera-nacional-en-el-marco-de-septiembre-mes-de-la-patria","status":"publish","type":"noticias","link":"https:\/\/portal.fgeo.gob.mx\/index.php\/archivos\/noticias\/rinde-fiscalia-de-oaxaca-honores-a-la-bandera-nacional-en-el-marco-de-septiembre-mes-de-la-patria","title":{"rendered":"Rinde Fiscal\u00eda de Oaxaca honores a la Bandera Nacional en el marco de \u201cSeptiembre, mes de la Patria\u201d"},"content":{"rendered":"<p><em>* M\u00e9xico se ha transformado, pues el cambio que en el pasado se hizo por medio de las armas, hoy se construye desde las ideas, el di\u00e1logo, acuerdos, en un marco de estabilidad legal: <\/em>Fiscal General de Oaxaca<\/p>\n<p dir=\"ltr\" style=\"text-align: justify;\">\n<b>Oaxaca de Ju\u00e1rez, Oax., a 10 de septiembre de 2023. &#8211; <\/b>La Fiscal\u00eda General del Estado de Oaxaca (FGEO) encabez\u00f3 el izamiento de bandera, realizado por el titular de este organismo aut\u00f3nomo, Bernardo Rodr\u00edguez Alamilla, como parte del programa c\u00edvico \u201cSeptiembre, mes de la Patria, mes de la Primera Transformaci\u00f3n\u201d.<\/p>\n<p style=\"text-align: justify;\">\n<p dir=\"ltr\" style=\"text-align: justify;\">\nEn este marco, el Fiscal General de Oaxaca, afirm\u00f3 que M\u00e9xico reclama que todas y todos atendamos con urgencia las grandes tareas de la Naci\u00f3n, con un esp\u00edritu solidario de uni\u00f3n, para hacer de las convicciones, realidades; y de los anhelos, proyectos colectivos.\n<\/p>\n<p style=\"text-align: justify;\">\n<p dir=\"ltr\" style=\"text-align: justify;\">\n\u201cLo que hemos conquistado como naci\u00f3n moderna, al consolidar nuestras instituciones, al fortalecer el Estado y al ratificar nuestro compromiso con la democracia, lo hemos hecho animados por ese esp\u00edritu de libertad y justicia que hace m\u00e1s de 200 a\u00f1os iniciaron en estas tierras grandes hombres y mujeres encabezados por Don Miguel Hidalgo y Costilla, Jos\u00e9 Mar\u00eda Morelos y Pav\u00f3n, Vicente Guerrero, Josefa Ortiz de Dom\u00ednguez, entre otros\u201d, indic\u00f3 Rodr\u00edguez Alamilla.\n<\/p>\n<p style=\"text-align: justify;\">\n<p dir=\"ltr\" style=\"text-align: justify;\">\nLas actividades para recordar la gesta heroica, apunt\u00f3, fortalecen la identidad nacional que se incrusta en nuestra sociedad con un hondo sentido humano y de justicia social, adem\u00e1s que est\u00e1 grabado en la memoria del pueblo un sentimiento permanente de dignidad.\n<\/p>\n<p style=\"text-align: justify;\">\n<p dir=\"ltr\" style=\"text-align: justify;\">\n\u201cEl Himno Nacional, la Bandera Tricolor y nuestro escudo del \u00c1guila y la Serpiente, expresan la sabidur\u00eda de la historia, el esp\u00edritu de la libertad, la esperanza, el sentimiento de la unidad y la experiencia de quien conoce los profundos cambios que se han dado en M\u00e9xico\u201d, puntualiz\u00f3.\n<\/p>\n<p style=\"text-align: justify;\">\n<p dir=\"ltr\" style=\"text-align: justify;\">\nResalt\u00f3 que M\u00e9xico se ha transformado, pues el cambio que en el pasado se hizo por medio de las armas, hoy se construye desde las ideas, el di\u00e1logo, acuerdos, en un marco de estabilidad legal, y del fortalecimiento de nuestras instituciones.\n<\/p>\n<p style=\"text-align: justify;\">\n<p dir=\"ltr\" style=\"text-align: justify;\">\nAgreg\u00f3 que, en la actualidad, la lucha de los hombres y mujeres se desenvuelve por mejores accesos a los sistemas de salud, de educaci\u00f3n, por el respeto a distintas formas de pensar, por mejores niveles de bienestar, por los derechos de los pueblos ind\u00edgenas, por una igualdad de g\u00e9nero, pero tambi\u00e9n, por mejores niveles de seguridad y de justicia.\n<\/p>\n<p style=\"text-align: justify;\">\n<p dir=\"ltr\" style=\"text-align: justify;\">\n\u201cAs\u00ed como el Movimiento de Independencia tiene en la b\u00fasqueda de la libertad su proceso transformador, hoy en d\u00eda nuestro pa\u00eds tiene su fundamento en la democracia y en la construcci\u00f3n de una sociedad segura para todas y todos\u201d, destac\u00f3.\n<\/p>\n<p style=\"text-align: justify;\">\n<p dir=\"ltr\" style=\"text-align: justify;\">\nY se\u00f1al\u00f3 que la raz\u00f3n de ser la Fiscal\u00eda, consiste en contribuir en la construcci\u00f3n de un pa\u00eds seguro mediante la procuraci\u00f3n de justicia a todas aquellas personas que han sido afectadas por conductas delictivas.\n<\/p>\n<p style=\"text-align: justify;\">\n<p dir=\"ltr\" style=\"text-align: justify;\">\n\u201cProcurar justicia pronta y expedita es una de las mejores formas de consolidar una naci\u00f3n y de reivindicar los valores e ideales de quienes decidieron iniciar la Independencia. Por ello, como ustedes se habr\u00e1n dado cuenta, en esta administraci\u00f3n se ha impulsado una reingenier\u00eda institucional para generar mejores niveles de confianza y de atenci\u00f3n a quien d\u00eda a d\u00eda acude con nosotros\u201d, destac\u00f3.\n<\/p>\n<p style=\"text-align: justify;\">\n<p dir=\"ltr\" style=\"text-align: justify;\">\nEl Fiscal General tambi\u00e9n llev\u00f3 a cabo el izamiento de Bandera Nacional, la cual estuvo escoltada por elementos del Pentatl\u00f3n Deportivo Militarizado Universitario, quienes tambi\u00e9n acompa\u00f1aron con su banda de guerra los honores al l\u00e1baro Patrio, al tiempo que el funcionariado de la FGEO y de la Agencia Estatal de Investigaciones (AEI), particip\u00f3 del acto c\u00edvico.<\/p>\n","protected":false},"author":3,"featured_media":3175,"comment_status":"closed","ping_status":"closed","template":"","tags":[],"categoria_noticias":[],"class_list":["post-15839","noticias","type-noticias","status-publish","has-post-thumbnail","hentry"],"acf":[],"mb":[],"mfb_rest_fields":["title","gutenberg_elementor_mode"],"_links":{"self":[{"href":"https:\/\/portal.fgeo.gob.mx\/index.php\/wp-json\/wp\/v2\/noticias\/15839","targetHints":{"allow":["GET"]}}],"collection":[{"href":"https:\/\/portal.fgeo.gob.mx\/index.php\/wp-json\/wp\/v2\/noticias"}],"about":[{"href":"https:\/\/portal.fgeo.gob.mx\/index.php\/wp-json\/wp\/v2\/types\/noticias"}],"author":[{"embeddable":true,"href":"https:\/\/portal.fgeo.gob.mx\/index.php\/wp-json\/wp\/v2\/users\/3"}],"replies":[{"embeddable":true,"href":"https:\/\/portal.fgeo.gob.mx\/index.php\/wp-json\/wp\/v2\/comments?post=15839"}],"wp:featuredmedia":[{"embeddable":true,"href":"https:\/\/portal.fgeo.gob.mx\/index.php\/wp-json\/"}],"wp:attachment":[{"href":"https:\/\/portal.fgeo.gob.mx\/index.php\/wp-json\/wp\/v2\/media?parent=15839"}],"wp:term":[{"taxonomy":"post_tag","embeddable":true,"href":"https:\/\/portal.fgeo.gob.mx\/index.php\/wp-json\/wp\/v2\/tags?post=15839"},{"taxonomy":"categoria_noticias","embeddable":true,"href":"https:\/\/portal.fgeo.gob.mx\/index.php\/wp-json\/wp\/v2\/categoria_noticias?post=15839"}],"curies":[{"name":"wp","href":"https:\/\/api.w.org\/{rel}","templated":true}]}}