{"id":15837,"date":"2023-09-08T11:40:20","date_gmt":"2023-10-26T17:40:20","guid":{"rendered":"https:\/\/fge.oaxaca.gob.mx\/?post_type=noticias&amp;p=5396"},"modified":"2023-09-08T11:40:20","modified_gmt":"2023-10-26T17:40:20","slug":"fiscalia-de-oaxaca-ejecuta-orden-de-aprehension-por-homicidio-de-profesor-ocurrido-en-la-sierra-sur","status":"publish","type":"noticias","link":"https:\/\/portal.fgeo.gob.mx\/index.php\/archivos\/noticias\/fiscalia-de-oaxaca-ejecuta-orden-de-aprehension-por-homicidio-de-profesor-ocurrido-en-la-sierra-sur","title":{"rendered":"Fiscal\u00eda de Oaxaca ejecuta orden de aprehensi\u00f3n por homicidio de profesor ocurrido en la Sierra Sur"},"content":{"rendered":"<p dir=\"ltr\" style=\"text-align: justify;\">\n<b>Oaxaca de Ju\u00e1rez, Oax., a 08 de septiembre de 2023. &#8211; <\/b>Las labores de investigaci\u00f3n e inteligencia realizadas por la Fiscal\u00eda General del Estado de Oaxaca (FGEO) dieron como resultado la obtenci\u00f3n de una orden de aprehensi\u00f3n ejecutada en contra de S. C. R., quien fue detenido por el delito de Homicidio Calificado en agravio de un profesor identificado como M. H. V., ocurrido en la regi\u00f3n de la Sierra Sur.<\/p>\n<p style=\"text-align: justify;\">\n<p dir=\"ltr\" style=\"text-align: justify;\">\nLos hechos ocurrieron el 26 de septiembre de 2021, cuando la v\u00edctima se encontraba en Santiago Amoltepec, donde trabajaba como profesor, cuando fue interceptado y agredido a balazos, ataque por el que result\u00f3 lesionado por proyectil de arma de fuego, sufriendo lesiones por las cuales perdi\u00f3 la vida.\n<\/p>\n<p style=\"text-align: justify;\">\n<p dir=\"ltr\" style=\"text-align: justify;\">\nAnte los hechos, la Vicefiscal\u00eda General de Control Regional atrajo las investigaciones del caso, las cuales permitieron obtener una orden de aprehensi\u00f3n.\n<\/p>\n<p style=\"text-align: justify;\">\n<p dir=\"ltr\" style=\"text-align: justify;\">\nElementos de la Agencia Estatal de Investigaciones (AEI) se dieron a la tarea de dar con el paradero de S.C.R., a quien rastrearon y localizaron cuando se encontraba sobre la carretera antigua a San Luis Beltr\u00e1n, en la Colonia Siete Regiones del municipio de Oaxaca de Ju\u00e1rez, donde fue detenido para dar cumplimiento al mandato judicial.\n<\/p>\n<p style=\"text-align: justify;\">\n<p dir=\"ltr\" style=\"text-align: justify;\">\nTras su captura, el imputado fue trasladado al distrito de Villa de Sola de Vega, para ponerlo a disposici\u00f3n ante la Representaci\u00f3n Social, para determinar su situaci\u00f3n jur\u00eddica en las pr\u00f3ximas horas.\n<\/p>\n<p style=\"text-align: justify;\">\n<p dir=\"ltr\" style=\"text-align: justify;\">\nLa Fiscal\u00eda de Oaxaca realiza acciones asertivas para dar resultados tangibles en cuanto a la investigaci\u00f3n de delitos, como parte de las labores y obligaciones encaminadas a la procuraci\u00f3n de justicia.<\/p>\n","protected":false},"author":3,"featured_media":3175,"comment_status":"closed","ping_status":"closed","template":"","tags":[],"categoria_noticias":[],"class_list":["post-15837","noticias","type-noticias","status-publish","has-post-thumbnail","hentry"],"acf":[],"mb":[],"mfb_rest_fields":["title","gutenberg_elementor_mode"],"_links":{"self":[{"href":"https:\/\/portal.fgeo.gob.mx\/index.php\/wp-json\/wp\/v2\/noticias\/15837","targetHints":{"allow":["GET"]}}],"collection":[{"href":"https:\/\/portal.fgeo.gob.mx\/index.php\/wp-json\/wp\/v2\/noticias"}],"about":[{"href":"https:\/\/portal.fgeo.gob.mx\/index.php\/wp-json\/wp\/v2\/types\/noticias"}],"author":[{"embeddable":true,"href":"https:\/\/portal.fgeo.gob.mx\/index.php\/wp-json\/wp\/v2\/users\/3"}],"replies":[{"embeddable":true,"href":"https:\/\/portal.fgeo.gob.mx\/index.php\/wp-json\/wp\/v2\/comments?post=15837"}],"wp:featuredmedia":[{"embeddable":true,"href":"https:\/\/portal.fgeo.gob.mx\/index.php\/wp-json\/"}],"wp:attachment":[{"href":"https:\/\/portal.fgeo.gob.mx\/index.php\/wp-json\/wp\/v2\/media?parent=15837"}],"wp:term":[{"taxonomy":"post_tag","embeddable":true,"href":"https:\/\/portal.fgeo.gob.mx\/index.php\/wp-json\/wp\/v2\/tags?post=15837"},{"taxonomy":"categoria_noticias","embeddable":true,"href":"https:\/\/portal.fgeo.gob.mx\/index.php\/wp-json\/wp\/v2\/categoria_noticias?post=15837"}],"curies":[{"name":"wp","href":"https:\/\/api.w.org\/{rel}","templated":true}]}}