{"id":15836,"date":"2023-09-08T11:37:14","date_gmt":"2023-10-26T17:37:14","guid":{"rendered":"https:\/\/fge.oaxaca.gob.mx\/?post_type=noticias&amp;p=5395"},"modified":"2023-09-08T11:37:14","modified_gmt":"2023-10-26T17:37:14","slug":"con-estrategia-de-cero-tolerancia-a-delito-de-violencia-familiar-obtiene-fiscalia-de-oaxaca-4-vinculaciones-a-proceso-y-una-aprehension","status":"publish","type":"noticias","link":"https:\/\/portal.fgeo.gob.mx\/index.php\/archivos\/noticias\/con-estrategia-de-cero-tolerancia-a-delito-de-violencia-familiar-obtiene-fiscalia-de-oaxaca-4-vinculaciones-a-proceso-y-una-aprehension","title":{"rendered":"Con estrategia de cero tolerancia a delito de Violencia Familiar, obtiene Fiscal\u00eda de Oaxaca 4 vinculaciones a proceso y una aprehensi\u00f3n"},"content":{"rendered":"<p dir=\"ltr\" style=\"text-align: justify;\">\n<b>Oaxaca de Ju\u00e1rez, Oax., a 08 de septiembre de 2023. &#8211; <\/b>Como parte de la estrategia de cero tolerancia al delito de Violencia Familiar impulsado por la Fiscal\u00eda General del Estado de Oaxaca (FGEO), la Vicefiscal\u00eda Regional de la Cuenca obtuvo 4 vinculaciones a proceso y una aprehensi\u00f3n contra personas distintos hombres que habr\u00edan cometido este delito.<\/p>\n<p style=\"text-align: justify;\">\n<p dir=\"ltr\" style=\"text-align: justify;\">\nEl primer caso corresponde a hechos denunciados el 25 de julio de 2023, cuando la v\u00edctima acudi\u00f3 a las oficinas de la Vicefiscal\u00eda a denunciar agresiones f\u00edsicas y psicol\u00f3gicas, por parte de su esposo, delito ocurrido en la localidad de Arroyo de Banco, en Valle Nacional.\n<\/p>\n<p style=\"text-align: justify;\">\n<p dir=\"ltr\" style=\"text-align: justify;\">\nLa FGEO obtuvo una orden de aprehensi\u00f3n que se ejecut\u00f3 en contra de E. G. P., quien qued\u00f3 a disposici\u00f3n del Juez que dict\u00f3 auto de vinculaci\u00f3n a proceso e impuso prisi\u00f3n preventiva como medida cautelar.\n<\/p>\n<p style=\"text-align: justify;\">\n<p dir=\"ltr\" style=\"text-align: justify;\">\nEl segundo hecho ocurri\u00f3 el 6 de julio de 2022, cuando una mujer y sus hijas sufrieron agresiones que se configuran en el delito de Violencia Familiar, por lo que presentaron su denuncia ante la Fiscal\u00eda de Oaxaca.\n<\/p>\n<p style=\"text-align: justify;\">\n<p dir=\"ltr\" style=\"text-align: justify;\">\nLuego de realizar las investigaciones correspondientes, elementos de la Agencia Estatal de Investigaciones (AEI) aprehendieron al imputado que qued\u00f3 vinculado a proceso de acuerdo al dictamen emitido por un Juez, quien impuso prisi\u00f3n preventiva en contra de B. L. J. y otorg\u00f3 tres meses para el cierre de la investigaci\u00f3n.\n<\/p>\n<p style=\"text-align: justify;\">\n<p dir=\"ltr\" style=\"text-align: justify;\">\nSobre la tercera vinculaci\u00f3n a proceso obtenida por Violencia Familiar en la Cuenca, esta sucedi\u00f3 el 23 de enero de 2023, cuando la v\u00edctima se encontraba en su domicilio ubicado en la localidad de Arroyo Frijol, en el municipio de San Jos\u00e9 Chiltepec, momento en que result\u00f3 con lesiones luego de sufrir una agresi\u00f3n f\u00edsica.\n<\/p>\n<p style=\"text-align: justify;\">\n<p dir=\"ltr\" style=\"text-align: justify;\">\nTras acudir ante la FGEO, la Vicefiscal\u00eda realiz\u00f3 las indagatorias por las que se obtuvo una orden de aprehensi\u00f3n, que ejecutaron elementos de la AEI en contra de S. M. G. G., quien fue llevado ante un Juez que concedi\u00f3 la vinculaci\u00f3n a proceso en contra del imputado.\n<\/p>\n<p style=\"text-align: justify;\">\n<p dir=\"ltr\" style=\"text-align: justify;\">\nEl cuarto caso ocurri\u00f3 el 9 de julio de 2023, cuando la v\u00edctima se encontraba en su domicilio ubicado en el Fraccionamiento Sureste del municipio de San Juan Bautista Tuxtepec, cuando la agredieron f\u00edsica y verbalmente.\n<\/p>\n<p style=\"text-align: justify;\">\n<p dir=\"ltr\" style=\"text-align: justify;\">\nLa Fiscal\u00eda de Oaxaca detuvo a N. A. R. C. al ejecutarle una orden de aprehensi\u00f3n en su contra, por lo que qued\u00f3 a disposici\u00f3n del Juez que dict\u00f3 auto de vinculaci\u00f3n a proceso para el imputado.\n<\/p>\n<p style=\"text-align: justify;\">\n<p dir=\"ltr\" style=\"text-align: justify;\">\nMientras que, en el quinto caso, elementos de la AEI ejecutaron una orden de aprehensi\u00f3n en contra de M. G. D. por el delito de Violencia Familiar, cometido el 16 de julio de 2023, en la colonia Mar\u00eda Luisa de San Juan Bautista Tuxtepec; por lo que ser\u00e1 puesto a disposici\u00f3n del Juez que atiende la causa para determinar su situaci\u00f3n jur\u00eddica.\n<\/p>\n<p style=\"text-align: justify;\">\n<p dir=\"ltr\" style=\"text-align: justify;\">\nLa Fiscal\u00eda de Oaxaca cuenta con \u00e1reas especializadas en atenci\u00f3n a delitos por raz\u00f3n de g\u00e9nero, las cuales son clave para la procuraci\u00f3n de justicia en este tipo de casos adem\u00e1s de brindar acompa\u00f1amiento integral a las v\u00edctimas directas e indirectas.<\/p>\n","protected":false},"author":3,"featured_media":3175,"comment_status":"closed","ping_status":"closed","template":"","tags":[],"categoria_noticias":[],"class_list":["post-15836","noticias","type-noticias","status-publish","has-post-thumbnail","hentry"],"acf":[],"mb":[],"mfb_rest_fields":["title","gutenberg_elementor_mode"],"_links":{"self":[{"href":"https:\/\/portal.fgeo.gob.mx\/index.php\/wp-json\/wp\/v2\/noticias\/15836","targetHints":{"allow":["GET"]}}],"collection":[{"href":"https:\/\/portal.fgeo.gob.mx\/index.php\/wp-json\/wp\/v2\/noticias"}],"about":[{"href":"https:\/\/portal.fgeo.gob.mx\/index.php\/wp-json\/wp\/v2\/types\/noticias"}],"author":[{"embeddable":true,"href":"https:\/\/portal.fgeo.gob.mx\/index.php\/wp-json\/wp\/v2\/users\/3"}],"replies":[{"embeddable":true,"href":"https:\/\/portal.fgeo.gob.mx\/index.php\/wp-json\/wp\/v2\/comments?post=15836"}],"wp:featuredmedia":[{"embeddable":true,"href":"https:\/\/portal.fgeo.gob.mx\/index.php\/wp-json\/"}],"wp:attachment":[{"href":"https:\/\/portal.fgeo.gob.mx\/index.php\/wp-json\/wp\/v2\/media?parent=15836"}],"wp:term":[{"taxonomy":"post_tag","embeddable":true,"href":"https:\/\/portal.fgeo.gob.mx\/index.php\/wp-json\/wp\/v2\/tags?post=15836"},{"taxonomy":"categoria_noticias","embeddable":true,"href":"https:\/\/portal.fgeo.gob.mx\/index.php\/wp-json\/wp\/v2\/categoria_noticias?post=15836"}],"curies":[{"name":"wp","href":"https:\/\/api.w.org\/{rel}","templated":true}]}}