{"id":15834,"date":"2023-09-07T11:16:22","date_gmt":"2023-10-26T17:16:22","guid":{"rendered":"https:\/\/fge.oaxaca.gob.mx\/?post_type=noticias&amp;p=5392"},"modified":"2023-09-07T11:16:22","modified_gmt":"2023-10-26T17:16:22","slug":"presenta-fiscalia-de-oaxaca-revista-juridica-analisis-de-contexto","status":"publish","type":"noticias","link":"https:\/\/portal.fgeo.gob.mx\/index.php\/archivos\/noticias\/presenta-fiscalia-de-oaxaca-revista-juridica-analisis-de-contexto","title":{"rendered":"Presenta Fiscal\u00eda de Oaxaca Revista Jur\u00eddica \u201cAn\u00e1lisis de Contexto\u201d"},"content":{"rendered":"<p>\t<em>*Nuestro objetivo principal es abrir un espacio de reflexi\u00f3n y an\u00e1lisis interdisciplinario sobre cuestiones relevantes en el \u00e1mbito de la procuraci\u00f3n de justicia: Rodr\u00edguez Alamilla<\/em><\/p>\n<p dir=\"ltr\" style=\"text-align: justify;\">\n<b>Oaxaca de Ju\u00e1rez, Oax., a 07 de septiembre de 2023. &#8211; <\/b>El Fiscal General del Estado de Oaxaca, Bernardo Rodr\u00edguez Alamilla present\u00f3 la revista acad\u00e9mica editada por este organismo aut\u00f3nomo, denominada \u201cAn\u00e1lisis de Contexto\u201d, la cual est\u00e1 enfocada en los estudios jur\u00eddicos y experiencias emanadas desde la pr\u00e1ctica del derecho en sus diferentes especialidades.<\/p>\n<p style=\"text-align: justify;\">\n<p dir=\"ltr\" style=\"text-align: justify;\">\n\u201cAn\u00e1lisis de Contexto es un concepto imprescindible para la procuraci\u00f3n e impartici\u00f3n de justicia contempor\u00e1neos desde un enfoque de interseccionalidad y respeto a los derechos humanos. Por ello, presentamos este primer n\u00famero de la revista digital, la cual tiene una periodicidad cuatrimestral y est\u00e1 especializada en la investigaci\u00f3n, difusi\u00f3n y divulgaci\u00f3n de temas relevantes para la procuraci\u00f3n de justicia\u201d, destac\u00f3 Rodr\u00edguez Alamilla durante el lanzamiento de la publicaci\u00f3n, realizada en la Biblioteca \u201cFray Francisco de Burgoa\u201d.<\/p>\n<p style=\"text-align: justify;\">\n<p dir=\"ltr\" style=\"text-align: justify;\">\nDesde el interior del complejo cultural de Santo Domingo de Guzm\u00e1n, el Fiscal General indic\u00f3 que la presentaci\u00f3n se inscribe en la conmemoraci\u00f3n del D\u00eda internacional de la Mujer Ind\u00edgena, pues el n\u00famero inicial est\u00e1 dedicado a la \u201cJusticia e Interculturalidad\u201d, como uno de los temas imprescindibles en la procuraci\u00f3n de justicia en un estado pluricultural como lo es Oaxaca.<\/p>\n<p style=\"text-align: justify;\">\n<p dir=\"ltr\" style=\"text-align: justify;\">\n\u201cNuestro objetivo principal es abrir un espacio de reflexi\u00f3n y an\u00e1lisis interdisciplinario sobre cuestiones relevantes en el \u00e1mbito de la justicia, derecho de las v\u00edctimas, grupos de atenci\u00f3n prioritaria, g\u00e9nero y otros temas importantes para nuestra Fiscal\u00eda\u201d, indic\u00f3.<\/p>\n<p style=\"text-align: justify;\">\n<p dir=\"ltr\" style=\"text-align: justify;\">\n\u201cAhora tenemos este espacio que es necesario para compartir las perspectivas acad\u00e9micas de las ciencias jur\u00eddicas desde la interculturalidad e interseccionalidad y los derechos humanos, que son la esencia de la reingenier\u00eda de se lleva a cabo al interior de la Fiscal\u00eda\u201d, coment\u00f3 Morales Garc\u00eda, al tiempo que mencion\u00f3 que la revista puede ser consultada desde el siguiente link: <a href=\"https:\/\/bitly.ws\/U6WU\" style=\"color:blue\">Ir a la Revista<\/a>\n<\/p>\n<p style=\"text-align: justify;\">\n<p dir=\"ltr\" style=\"text-align: justify;\">\nEn esta primera edici\u00f3n, la revista est\u00e1 integrada por tres apartados: 1) Ensayos; 2) Noticias y 3) Rostros Humanos de la Fiscal\u00eda General del Estado de Oaxaca, apartado en el que se comparte una rese\u00f1a hist\u00f3rico-laboral del personal de la FGEO, como reconocimiento a su labor institucional.<\/p>\n<p style=\"text-align: justify;\">\n<p dir=\"ltr\" style=\"text-align: justify;\">\nEn la presentaci\u00f3n de la revista estuvieron presentes la doctora Gloria \u00c1ngeles Cruz L\u00f3pez, Secretaria de Estudio y Cuenta en el Tribunal Electoral del Estado de Oaxaca; as\u00ed como el maestro Manlio Rigoberto Hern\u00e1ndez Dom\u00ednguez, Visitador General del Poder Judicial del estado de Oaxaca; la maestra Silvia Mar\u00eda Montalvo Salazar, Secretaria de Estudio y Cuenta y Coordinadora de Ponencia en la Sala de Justicia Ind\u00edgena; la ingeniera Lucila Hern\u00e1ndez Ruiz, Co fundadora del Club de Lectura M\u00f3vil \u201cEl Balero\u201d; la compa\u00f1era de la Fiscal\u00eda de Oaxaca, Irene Cruz Silva, de quien se realiz\u00f3 una rese\u00f1a; as\u00ed como servidores y servidoras p\u00fablicas de la instituci\u00f3n.<\/p>\n","protected":false},"author":3,"featured_media":3175,"comment_status":"closed","ping_status":"closed","template":"","tags":[],"categoria_noticias":[],"class_list":["post-15834","noticias","type-noticias","status-publish","has-post-thumbnail","hentry"],"acf":[],"mb":[],"mfb_rest_fields":["title","gutenberg_elementor_mode"],"_links":{"self":[{"href":"https:\/\/portal.fgeo.gob.mx\/index.php\/wp-json\/wp\/v2\/noticias\/15834","targetHints":{"allow":["GET"]}}],"collection":[{"href":"https:\/\/portal.fgeo.gob.mx\/index.php\/wp-json\/wp\/v2\/noticias"}],"about":[{"href":"https:\/\/portal.fgeo.gob.mx\/index.php\/wp-json\/wp\/v2\/types\/noticias"}],"author":[{"embeddable":true,"href":"https:\/\/portal.fgeo.gob.mx\/index.php\/wp-json\/wp\/v2\/users\/3"}],"replies":[{"embeddable":true,"href":"https:\/\/portal.fgeo.gob.mx\/index.php\/wp-json\/wp\/v2\/comments?post=15834"}],"wp:featuredmedia":[{"embeddable":true,"href":"https:\/\/portal.fgeo.gob.mx\/index.php\/wp-json\/"}],"wp:attachment":[{"href":"https:\/\/portal.fgeo.gob.mx\/index.php\/wp-json\/wp\/v2\/media?parent=15834"}],"wp:term":[{"taxonomy":"post_tag","embeddable":true,"href":"https:\/\/portal.fgeo.gob.mx\/index.php\/wp-json\/wp\/v2\/tags?post=15834"},{"taxonomy":"categoria_noticias","embeddable":true,"href":"https:\/\/portal.fgeo.gob.mx\/index.php\/wp-json\/wp\/v2\/categoria_noticias?post=15834"}],"curies":[{"name":"wp","href":"https:\/\/api.w.org\/{rel}","templated":true}]}}