{"id":15833,"date":"2023-09-07T10:59:38","date_gmt":"2023-10-26T16:59:38","guid":{"rendered":"https:\/\/fge.oaxaca.gob.mx\/?post_type=noticias&amp;p=5391"},"modified":"2023-09-07T10:59:38","modified_gmt":"2023-10-26T16:59:38","slug":"fiscalia-de-oaxaca-comprometida-con-la-paz-y-la-procuracion-de-justicia-en-zona-triqui","status":"publish","type":"noticias","link":"https:\/\/portal.fgeo.gob.mx\/index.php\/archivos\/noticias\/fiscalia-de-oaxaca-comprometida-con-la-paz-y-la-procuracion-de-justicia-en-zona-triqui","title":{"rendered":"Fiscal\u00eda de Oaxaca comprometida con la paz y la procuraci\u00f3n de justicia en zona Triqui"},"content":{"rendered":"<p dir=\"ltr\" style=\"text-align: justify;\">\n<b>Oaxaca de Ju\u00e1rez, Oax., a 07 de septiembre de 2023. &#8211; <\/b>La Fiscal\u00eda General del Estado de Oaxaca (FGEO) mantiene un puntual seguimiento a las demandas de procuraci\u00f3n de justicia del Movimiento Unificador de Lucha Triqui, y de otras organizaciones en la regi\u00f3n, pues adem\u00e1s de cumplir con sus obligaciones constitucionales como organismo procurador de justicia, reconoce que, uno de los elementos para recomponer el tejido social en la regi\u00f3n pasa por atender y resolver los delitos cometidos en la zona.<\/p>\n<p style=\"text-align: justify;\">\n<p dir=\"ltr\" style=\"text-align: justify;\">\nEs por ello que, de manera comprometida, la FGEO trabaja en una agenda de m\u00e1s de 30 casos, entre los que se encuentran investigaciones relacionadas con homicidios calificados, tentativas de homicidio de personas l\u00edderes o integrantes de la citada organizaci\u00f3n, pero tambi\u00e9n de las otras existentes en la regi\u00f3n.<\/p>\n<p style=\"text-align: justify;\">\n<p dir=\"ltr\" style=\"text-align: justify;\">\nY es que, si bien a lo largo de administraciones anteriores no se hab\u00eda brindado atenci\u00f3n a la problem\u00e1tica de la regi\u00f3n, en la actual gesti\u00f3n se ha puesto en marcha una reingenier\u00eda institucional que implica atender de manera eficiente las demandas de justicia de las diversas organizaciones sociales.<\/p>\n<p style=\"text-align: justify;\">\n<p dir=\"ltr\" style=\"text-align: justify;\">\nComo parte de las acciones emprendidas se han realizado varias sesiones de trabajo con el MULT y otras agrupaciones sociales, con el objetivo de mantenerlas informadas sobre los avances que existen en las diversas carpetas de investigaci\u00f3n, adem\u00e1s de que por medio de estas reuniones se busca recabar datos que coadyuven en las indagatorias y que permitan llevar ante la justicia a las personas responsables.<\/p>\n<p style=\"text-align: justify;\">\n<p dir=\"ltr\" style=\"text-align: justify;\">\nEl organismo procurador de justicia detall\u00f3 que, en el caso del homicidio de Heriberto Pasos Ortiz existe una sentencia condenatoria contra cinco autores intelectuales, uno en etapa de instrucci\u00f3n, adem\u00e1s se encuentra tambi\u00e9n en etapa de instrucci\u00f3n una persona detenida por la autor\u00eda material y hay una orden de aprehensi\u00f3n pendiente de ejecutar.<\/p>\n<p style=\"text-align: justify;\">\n<p dir=\"ltr\" style=\"text-align: justify;\">\nAs\u00ed tambi\u00e9n, se encuentran vinculados a proceso los autores materiales del atentado contra el l\u00edder fundador del MULT Juan Domingo P\u00e9rez Castillo, adem\u00e1s que en el mes de julio fue ejecutada una orden de aprehensi\u00f3n en contra de uno de los autores materiales del homicidio del profesor Miguel Santos Trinidad, quien fue presentado ante el Juez de Control y tiene como medida cautelar prisi\u00f3n preventiva oficiosa.<\/p>\n<p style=\"text-align: justify;\">\n<p dir=\"ltr\" style=\"text-align: justify;\">\nLa Fiscal\u00eda General resalt\u00f3 que respecto al homicidio del dirigente regional del MULT Gabino \u00c1vila Mart\u00ednez, se liberaron dos \u00f3rdenes de aprehensi\u00f3n, una de las cuales ya fue ejecutada y la persona imputada recibi\u00f3 una sentencia de 30 a\u00f1os de prisi\u00f3n, mientras se contin\u00faan con las indagatorias respecto a la otra orden de aprehensi\u00f3n.<\/p>\n<p style=\"text-align: justify;\">\n<p dir=\"ltr\" style=\"text-align: justify;\">\nDe igual forma y ante las agresiones que integrantes de tanto del MULT como de otras organizaciones de la regi\u00f3n han sufrido en los \u00faltimos meses, se encuentran abiertas varias carpetas de investigaci\u00f3n mismas que tienen una avanzada integraci\u00f3n.<\/p>\n<p style=\"text-align: justify;\">\n<p dir=\"ltr\" style=\"text-align: justify;\">\nEn este marco, la Fiscal\u00eda General del Estado reiter\u00f3 su compromiso con atender y brindar resultados en los casos alto impacto y trascendencia social, adem\u00e1s de fortalecer las labores de investigaci\u00f3n a fin de procurar justicia a las v\u00edctimas directas e indirectas, como una forma de reestructura el tejido social en la regi\u00f3n Triqui.<\/p>\n","protected":false},"author":3,"featured_media":3175,"comment_status":"closed","ping_status":"closed","template":"","tags":[],"categoria_noticias":[],"class_list":["post-15833","noticias","type-noticias","status-publish","has-post-thumbnail","hentry"],"acf":[],"mb":[],"mfb_rest_fields":["title","gutenberg_elementor_mode"],"_links":{"self":[{"href":"https:\/\/portal.fgeo.gob.mx\/index.php\/wp-json\/wp\/v2\/noticias\/15833","targetHints":{"allow":["GET"]}}],"collection":[{"href":"https:\/\/portal.fgeo.gob.mx\/index.php\/wp-json\/wp\/v2\/noticias"}],"about":[{"href":"https:\/\/portal.fgeo.gob.mx\/index.php\/wp-json\/wp\/v2\/types\/noticias"}],"author":[{"embeddable":true,"href":"https:\/\/portal.fgeo.gob.mx\/index.php\/wp-json\/wp\/v2\/users\/3"}],"replies":[{"embeddable":true,"href":"https:\/\/portal.fgeo.gob.mx\/index.php\/wp-json\/wp\/v2\/comments?post=15833"}],"wp:featuredmedia":[{"embeddable":true,"href":"https:\/\/portal.fgeo.gob.mx\/index.php\/wp-json\/"}],"wp:attachment":[{"href":"https:\/\/portal.fgeo.gob.mx\/index.php\/wp-json\/wp\/v2\/media?parent=15833"}],"wp:term":[{"taxonomy":"post_tag","embeddable":true,"href":"https:\/\/portal.fgeo.gob.mx\/index.php\/wp-json\/wp\/v2\/tags?post=15833"},{"taxonomy":"categoria_noticias","embeddable":true,"href":"https:\/\/portal.fgeo.gob.mx\/index.php\/wp-json\/wp\/v2\/categoria_noticias?post=15833"}],"curies":[{"name":"wp","href":"https:\/\/api.w.org\/{rel}","templated":true}]}}