{"id":15832,"date":"2023-09-06T10:55:53","date_gmt":"2023-10-26T16:55:53","guid":{"rendered":"https:\/\/fge.oaxaca.gob.mx\/?post_type=noticias&amp;p=5389"},"modified":"2023-09-06T10:55:53","modified_gmt":"2023-10-26T16:55:53","slug":"firma-convenio-de-colaboracion-fiscalia-de-oaxaca-con-universidades-privadas-de-la-entidad","status":"publish","type":"noticias","link":"https:\/\/portal.fgeo.gob.mx\/index.php\/archivos\/noticias\/firma-convenio-de-colaboracion-fiscalia-de-oaxaca-con-universidades-privadas-de-la-entidad","title":{"rendered":"Firma convenio de colaboraci\u00f3n Fiscal\u00eda de Oaxaca con universidades privadas de la entidad"},"content":{"rendered":"<p dir=\"ltr\" style=\"text-align: justify;\">\n<b>Oaxaca de Ju\u00e1rez, Oax., a 06 de septiembre de 2023. &#8211; <\/b>Al firmar un convenio de colaboraci\u00f3n con ocho universidades privadas del estado de Oaxaca, el Fiscal General del Estado, Bernardo Rodr\u00edguez Alamilla, afirm\u00f3 que el capital humano es fundamental en la construcci\u00f3n de instituciones s\u00f3lidas, por lo que celebr\u00f3 el acuerdo que permitir\u00e1 a las y los estudiantes prestar servicio social y pr\u00e1cticas profesionales en la instituci\u00f3n.<\/p>\n<p style=\"text-align: justify;\">\n<p dir=\"ltr\" style=\"text-align: justify;\">\nAnte las rectoras de las universidades Colegio Libre de Estudios Universitarios, Cristina Matilde Rodr\u00edguez Garc\u00eda; Mundo Sin Fronteras para el Desarrollo Humano y Profesional, Karina Guadalupe de Jes\u00fas Ricci Villafuerte; y \u201cJos\u00e9 Vasconcelos\u201d, K\u00e9lmic Hern\u00e1ndez Arreort\u00faa; el Fiscal General apunt\u00f3 que como parte del proceso de reingenier\u00eda institucional, se priorizan los v\u00ednculos de colaboraci\u00f3n acad\u00e9mica.<\/p>\n<p style=\"text-align: justify;\">\n<p dir=\"ltr\" style=\"text-align: justify;\">\nAcompa\u00f1ado tambi\u00e9n por los representantes del Colegio Nacionalista de Estudios Superiores M\u00e9xico, Eduardo Contreras Garc\u00eda; Centro Universitario Cansandoo, Israel Benedicto Silva Hern\u00e1ndez; Instituto Universitario de Estudios Especiales de Oaxaca Siglo XXI, Jes\u00fas P\u00e9rez Altamirano; Universidad del Golfo de M\u00e9xico Campus Oaxaca, Eliseo David Ruiz Ruiz; y del rector de la Universidad Regional del Sureste, Miguel \u00c1ngel Hern\u00e1ndez Mendoza; destac\u00f3 que las instituciones est\u00e1n hechas de personas y por ello es indispensable establecer estas alianzas.<\/p>\n<p style=\"text-align: justify;\">\n<p dir=\"ltr\" style=\"text-align: justify;\">\n\u201cEstablecer una colaboraci\u00f3n con las universidades privadas para que las y los estudiantes realicen servicio social y pr\u00e1cticas profesionales permitir\u00e1 un productivo intercambio de experiencias, adem\u00e1s de refrescar con el \u00edmpetu de la juventud la Fiscal\u00eda\u201d, destac\u00f3.<\/p>\n<p style=\"text-align: justify;\">\n<p dir=\"ltr\" style=\"text-align: justify;\">\nA\u00f1adi\u00f3 que, de la misma forma, se fortalecer\u00e1n los conocimientos pr\u00e1cticos de los estudiantes, quienes, desde el servicio social o pr\u00e1cticas profesionales, podr\u00e1n contribuir a brindar atenci\u00f3n a uno de los retos m\u00e1s grandes del pa\u00eds: la procuraci\u00f3n de justicia.<\/p>\n<p style=\"text-align: justify;\">\n<p dir=\"ltr\" style=\"text-align: justify;\">\nPor su parte, las y los rectores coincidieron en se\u00f1alar la importancia de este convenio, pues permite la coordinaci\u00f3n con la Fiscal\u00eda General del Estado de Oaxaca, adem\u00e1s de contribuir con el desarrollo profesional de la comunidad universitaria, por lo cual reconocieron la disposici\u00f3n del titular de la instituci\u00f3n, Bernardo Rodr\u00edguez Alamilla, para abrir esta ruta de trabajo.<\/p>\n","protected":false},"author":3,"featured_media":3175,"comment_status":"closed","ping_status":"closed","template":"","tags":[],"categoria_noticias":[],"class_list":["post-15832","noticias","type-noticias","status-publish","has-post-thumbnail","hentry"],"acf":[],"mb":[],"mfb_rest_fields":["title","gutenberg_elementor_mode"],"_links":{"self":[{"href":"https:\/\/portal.fgeo.gob.mx\/index.php\/wp-json\/wp\/v2\/noticias\/15832","targetHints":{"allow":["GET"]}}],"collection":[{"href":"https:\/\/portal.fgeo.gob.mx\/index.php\/wp-json\/wp\/v2\/noticias"}],"about":[{"href":"https:\/\/portal.fgeo.gob.mx\/index.php\/wp-json\/wp\/v2\/types\/noticias"}],"author":[{"embeddable":true,"href":"https:\/\/portal.fgeo.gob.mx\/index.php\/wp-json\/wp\/v2\/users\/3"}],"replies":[{"embeddable":true,"href":"https:\/\/portal.fgeo.gob.mx\/index.php\/wp-json\/wp\/v2\/comments?post=15832"}],"wp:featuredmedia":[{"embeddable":true,"href":"https:\/\/portal.fgeo.gob.mx\/index.php\/wp-json\/"}],"wp:attachment":[{"href":"https:\/\/portal.fgeo.gob.mx\/index.php\/wp-json\/wp\/v2\/media?parent=15832"}],"wp:term":[{"taxonomy":"post_tag","embeddable":true,"href":"https:\/\/portal.fgeo.gob.mx\/index.php\/wp-json\/wp\/v2\/tags?post=15832"},{"taxonomy":"categoria_noticias","embeddable":true,"href":"https:\/\/portal.fgeo.gob.mx\/index.php\/wp-json\/wp\/v2\/categoria_noticias?post=15832"}],"curies":[{"name":"wp","href":"https:\/\/api.w.org\/{rel}","templated":true}]}}