{"id":15831,"date":"2023-09-06T10:54:04","date_gmt":"2023-10-26T16:54:04","guid":{"rendered":"https:\/\/fge.oaxaca.gob.mx\/?post_type=noticias&amp;p=5388"},"modified":"2023-09-06T10:54:04","modified_gmt":"2023-10-26T16:54:04","slug":"mando-unico-policial-para-25-municipios-de-mayor-incidencia-delictiva-estrategia-de-construccion-de-la-paz-fiscal-general-de-oaxaca","status":"publish","type":"noticias","link":"https:\/\/portal.fgeo.gob.mx\/index.php\/archivos\/noticias\/mando-unico-policial-para-25-municipios-de-mayor-incidencia-delictiva-estrategia-de-construccion-de-la-paz-fiscal-general-de-oaxaca","title":{"rendered":"Mando \u00danico Policial para 25 municipios de mayor incidencia delictiva, estrategia de construcci\u00f3n de la paz: Fiscal General de Oaxaca"},"content":{"rendered":"<p dir=\"ltr\" style=\"text-align: justify;\">\n<b>Oaxaca de Ju\u00e1rez, Oax., a 06 de septiembre de 2023. &#8211; <\/b>En el marco de la firma del \u201cConvenio y Protocolo de Mando de Coordinaci\u00f3n Municipal en Materia de Seguridad P\u00fablica con los 25 Municipios de mayor Incidencia Delictiva de Oaxaca\u201d, el Fiscal General del Estado de Oaxaca, Bernardo Rodr\u00edguez Alamilla afirm\u00f3 que esta estrategia es una respuesta para la construcci\u00f3n de paz que permite unificar el trabajo interinstitucional y de los tres niveles de gobierno.<\/p>\n<p style=\"text-align: justify;\">\n<p dir=\"ltr\" style=\"text-align: justify;\">\nAnte el gobernador del estado, Salom\u00f3n Jara Cruz; la titular del Secretariado Ejecutivo del Sistema Estatal de Seguridad P\u00fablica, Karina Bar\u00f3n; los Secretarios de Gobierno, Jes\u00fas Romero y de Seguridad P\u00fablica, Iv\u00e1n Garc\u00eda \u00c1lvarez, e integrantes del Gabinete, as\u00ed como las autoridades municipales de los 25 municipios, el Fiscal General apunt\u00f3 que el Mando \u00danico permitir\u00e1 establecer una mejor coordinaci\u00f3n operativa en la atenci\u00f3n a los delitos de alto impacto.<\/p>\n<p style=\"text-align: justify;\">\n<p dir=\"ltr\" style=\"text-align: justify;\">\nA lo que se suma el fortalecimiento de las capacidades tecnol\u00f3gicas y personales de los elementos policiacos; la definici\u00f3n de zonas y objetivos prioritarios de atenci\u00f3n en materia delincuencial; un control m\u00e1s eficiente de las zonas y \u00e1reas que presentan alta incidencia delictiva.<\/p>\n<p style=\"text-align: justify;\">\n<p dir=\"ltr\" style=\"text-align: justify;\">\nAs\u00ed como, dijo, la generaci\u00f3n e intercambio de informaci\u00f3n delictiva con las corporaciones estatales y federales; la focalizaci\u00f3n de recursos y presupuestos en materia de seguridad p\u00fablica; la priorizaci\u00f3n en la certificaci\u00f3n de los elementos y evaluaci\u00f3n constante de las diferentes estrategias de seguridad para cada delito de alto impacto.<\/p>\n<p style=\"text-align: justify;\">\n<p dir=\"ltr\" style=\"text-align: justify;\">\nRodr\u00edguez Alamilla afirm\u00f3 que, a partir de las distintas mesas realizadas de manera coordinada con el Secretariado Ejecutivo del Sistema Estatal de Seguridad P\u00fablica, la Secretar\u00eda de Seguridad P\u00fablica del Estado, la Fiscal\u00eda de Oaxaca y los 25 municipios de mayor incidencia delictiva, se identific\u00f3 una ruta de atenci\u00f3n para brindar una respuesta diferenciada a las problem\u00e1ticas de cada ayuntamiento.<\/p>\n<p style=\"text-align: justify;\">\n<p dir=\"ltr\" style=\"text-align: justify;\">\nDe ah\u00ed que, sostuvo, el Mando \u00danico y Protocolo permitir\u00e1 la generaci\u00f3n de mecanismos que impidan que personas con alta actividad delictiva puedan quedar impunes, es decir, evitar la llamada \u201cpuerta giratoria\u201d, adem\u00e1s de la priorizaci\u00f3n a programas que atiendan las causas estructurales que generan el fen\u00f3meno delictivo en estos 25 municipios.<\/p>\n<p style=\"text-align: justify;\">\n<p dir=\"ltr\" style=\"text-align: justify;\">\n\u201cEste paso es uno de los muchos que realizaremos en este camino que continuaremos andando conjuntamente con el gobernador del estado, ingeniero Salom\u00f3n Jara en la construcci\u00f3n de una paz duradera y mejores condiciones para todas y todos\u201d, concluy\u00f3.<\/p>\n","protected":false},"author":3,"featured_media":3175,"comment_status":"closed","ping_status":"closed","template":"","tags":[],"categoria_noticias":[],"class_list":["post-15831","noticias","type-noticias","status-publish","has-post-thumbnail","hentry"],"acf":[],"mb":[],"mfb_rest_fields":["title","gutenberg_elementor_mode"],"_links":{"self":[{"href":"https:\/\/portal.fgeo.gob.mx\/index.php\/wp-json\/wp\/v2\/noticias\/15831","targetHints":{"allow":["GET"]}}],"collection":[{"href":"https:\/\/portal.fgeo.gob.mx\/index.php\/wp-json\/wp\/v2\/noticias"}],"about":[{"href":"https:\/\/portal.fgeo.gob.mx\/index.php\/wp-json\/wp\/v2\/types\/noticias"}],"author":[{"embeddable":true,"href":"https:\/\/portal.fgeo.gob.mx\/index.php\/wp-json\/wp\/v2\/users\/3"}],"replies":[{"embeddable":true,"href":"https:\/\/portal.fgeo.gob.mx\/index.php\/wp-json\/wp\/v2\/comments?post=15831"}],"wp:featuredmedia":[{"embeddable":true,"href":"https:\/\/portal.fgeo.gob.mx\/index.php\/wp-json\/"}],"wp:attachment":[{"href":"https:\/\/portal.fgeo.gob.mx\/index.php\/wp-json\/wp\/v2\/media?parent=15831"}],"wp:term":[{"taxonomy":"post_tag","embeddable":true,"href":"https:\/\/portal.fgeo.gob.mx\/index.php\/wp-json\/wp\/v2\/tags?post=15831"},{"taxonomy":"categoria_noticias","embeddable":true,"href":"https:\/\/portal.fgeo.gob.mx\/index.php\/wp-json\/wp\/v2\/categoria_noticias?post=15831"}],"curies":[{"name":"wp","href":"https:\/\/api.w.org\/{rel}","templated":true}]}}