{"id":15827,"date":"2023-09-04T10:38:49","date_gmt":"2023-10-26T16:38:49","guid":{"rendered":"https:\/\/fge.oaxaca.gob.mx\/?post_type=noticias&amp;p=5383"},"modified":"2023-09-04T10:38:49","modified_gmt":"2023-10-26T16:38:49","slug":"detiene-fiscalia-de-oaxaca-a-presunto-implicado-en-homicidio-de-dos-personas-en-zaachila","status":"publish","type":"noticias","link":"https:\/\/portal.fgeo.gob.mx\/index.php\/archivos\/noticias\/detiene-fiscalia-de-oaxaca-a-presunto-implicado-en-homicidio-de-dos-personas-en-zaachila","title":{"rendered":"Detiene Fiscal\u00eda de Oaxaca a presunto implicado en homicidio de dos personas en Zaachila"},"content":{"rendered":"<p dir=\"ltr\" style=\"text-align: justify;\">\n    <b>Oaxaca de Ju\u00e1rez, Oax., a 04 de septiembre de 2023.- <\/b>Luego del homicidio de dos personas en el bar \u201cEl Catr\u00edn\u201d, ubicado en la colonia las Pe\u00f1as de la Villa de Zaachila, la Fiscal\u00eda General del Estado de Oaxaca (FGEO), a trav\u00e9s de la Agencia Estatal de Investigaciones (AEI), logr\u00f3 la detenci\u00f3n de un hombre, quien estar\u00eda involucrado en los hechos.<\/p>\n<p style=\"text-align: justify;\">\n<p dir=\"ltr\" style=\"text-align: justify;\">\nDe acuerdo con las primeras investigaciones, los sucesos ocurrieron la tarde de este lunes, cuando un grupo de personas con armas de fuego irrumpi\u00f3 en el citado lugar, realizando disparos que causaron la muerte de una mujer (L.J.) y un hombre (E.S.S.), adem\u00e1s de que otra mujer m\u00e1s result\u00f3 con lesiones, por lo que fue trasladada a un hospital.<\/p>\n<p style=\"text-align: justify;\">\n<p dir=\"ltr\" style=\"text-align: justify;\">\nDespu\u00e9s de los hechos, personal de la AEI acudi\u00f3 al lugar para llevar a cabo las diligencias y de manera inmediata, lograron la detenci\u00f3n de E.D.M.A., quien fue trasladado a Ciudad Judicial para continuar con las investigaciones correspondientes.<\/p>\n<p style=\"text-align: justify;\">\n<p dir=\"ltr\" style=\"text-align: justify;\">\nAl imputado le fueron aseguradas dos armas de fuego, as\u00ed como cartuchos \u00fatiles, por lo que se presume su participaci\u00f3n en la comisi\u00f3n del delito de homicidio en contra de dos personas y lesiones en otra.\n<\/p>\n<p style=\"text-align: justify;\">\n<p dir=\"ltr\" style=\"text-align: justify;\">\nLa actuaci\u00f3n diligente de la polic\u00eda investigadora, as\u00ed como de las respuestas jur\u00eddicas de la Fiscal\u00eda de Oaxaca, permiten acciones de procuraci\u00f3n de justicia expeditas para la resoluci\u00f3n de delitos de alto impacto, tendientes a brindar atenci\u00f3n a las v\u00edctimas directas e indirectas.<\/p>\n","protected":false},"author":3,"featured_media":3175,"comment_status":"closed","ping_status":"closed","template":"","tags":[],"categoria_noticias":[],"class_list":["post-15827","noticias","type-noticias","status-publish","has-post-thumbnail","hentry"],"acf":[],"mb":[],"mfb_rest_fields":["title","gutenberg_elementor_mode"],"_links":{"self":[{"href":"https:\/\/portal.fgeo.gob.mx\/index.php\/wp-json\/wp\/v2\/noticias\/15827","targetHints":{"allow":["GET"]}}],"collection":[{"href":"https:\/\/portal.fgeo.gob.mx\/index.php\/wp-json\/wp\/v2\/noticias"}],"about":[{"href":"https:\/\/portal.fgeo.gob.mx\/index.php\/wp-json\/wp\/v2\/types\/noticias"}],"author":[{"embeddable":true,"href":"https:\/\/portal.fgeo.gob.mx\/index.php\/wp-json\/wp\/v2\/users\/3"}],"replies":[{"embeddable":true,"href":"https:\/\/portal.fgeo.gob.mx\/index.php\/wp-json\/wp\/v2\/comments?post=15827"}],"wp:featuredmedia":[{"embeddable":true,"href":"https:\/\/portal.fgeo.gob.mx\/index.php\/wp-json\/"}],"wp:attachment":[{"href":"https:\/\/portal.fgeo.gob.mx\/index.php\/wp-json\/wp\/v2\/media?parent=15827"}],"wp:term":[{"taxonomy":"post_tag","embeddable":true,"href":"https:\/\/portal.fgeo.gob.mx\/index.php\/wp-json\/wp\/v2\/tags?post=15827"},{"taxonomy":"categoria_noticias","embeddable":true,"href":"https:\/\/portal.fgeo.gob.mx\/index.php\/wp-json\/wp\/v2\/categoria_noticias?post=15827"}],"curies":[{"name":"wp","href":"https:\/\/api.w.org\/{rel}","templated":true}]}}