{"id":15826,"date":"2023-09-04T10:37:07","date_gmt":"2023-10-26T16:37:07","guid":{"rendered":"https:\/\/fge.oaxaca.gob.mx\/?post_type=noticias&amp;p=5382"},"modified":"2023-09-04T10:37:07","modified_gmt":"2023-10-26T16:37:07","slug":"logra-fiscalia-de-oaxaca-aprehension-de-imputado-por-homicidio-de-una-persona-reportada-como-desaparecida-en-huatulco","status":"publish","type":"noticias","link":"https:\/\/portal.fgeo.gob.mx\/index.php\/archivos\/noticias\/logra-fiscalia-de-oaxaca-aprehension-de-imputado-por-homicidio-de-una-persona-reportada-como-desaparecida-en-huatulco","title":{"rendered":"Logra Fiscal\u00eda de Oaxaca aprehensi\u00f3n de imputado por homicidio de una persona reportada como desaparecida en Huatulco"},"content":{"rendered":"<p dir=\"ltr\" style=\"text-align: justify;\">\n    <b>Oaxaca de Ju\u00e1rez, Oax., a 04 de septiembre de 2023.- <\/b>El trabajo de inteligencia que realiza la Fiscal\u00eda General del Estado de Oaxaca (FGEO) dio como resultado la obtenci\u00f3n de una orden de aprehensi\u00f3n y detenci\u00f3n de V. J. P., por el delito de Homicidio Calificado con Ventaja, cometido en la regi\u00f3n de la Costa.<\/p>\n<p style=\"text-align: justify;\">\n<p dir=\"ltr\" style=\"text-align: justify;\">\nDe acuerdo con la causa penal, los hechos ocurrieron el 24 de agosto de 2023, cuando R. M. M. sali\u00f3 de su domicilio, localizado en la comunidad de las Jabalinas, situada en el municipio de Santa Mar\u00eda Huatulco, pues hab\u00eda quedado de acudir a una reuni\u00f3n con la intenci\u00f3n de realizar un negocio de bienes ra\u00edces por un terreno en la zona.<\/p>\n<p style=\"text-align: justify;\">\n<p dir=\"ltr\" style=\"text-align: justify;\">\nAnte la ausencia de R. M. M., su familia decidi\u00f3 denunciar la desaparici\u00f3n ante la FGEO, por lo que la Vicefiscal\u00eda Regional de la Costa emiti\u00f3 una ficha de b\u00fasqueda y realiz\u00f3 las labores de rastreo correspondientes para dar con su paradero.<\/p>\n<p style=\"text-align: justify;\">\n<p dir=\"ltr\" style=\"text-align: justify;\">\nDerivado de las labores de investigaci\u00f3n, la Fiscal\u00eda localiz\u00f3 el veh\u00edculo en el que vieron por \u00faltima vez a la v\u00edctima el 29 de agosto, y dando seguimiento al caso, se obtuvo la localizaci\u00f3n del cuerpo sin vida de la persona reportada como no localizada el pasado 31 de agosto.<\/p>\n<p style=\"text-align: justify;\">\n<p dir=\"ltr\" style=\"text-align: justify;\">\nAnte los hechos, se establecieron s\u00f3lidas l\u00edneas de investigaci\u00f3n por las cuales se obtuvo una orden de aprehensi\u00f3n que permiti\u00f3 que elementos de la Agencia Estatal de Investigaciones (AEI) lograran la captura de V. J. P.<\/p>\n<p style=\"text-align: justify;\">\n<p dir=\"ltr\" style=\"text-align: justify;\">\nTras la detenci\u00f3n, el imputado fue presentado ante la autoridad ministerial correspondiente para determinar su situaci\u00f3n jur\u00eddica en las pr\u00f3ximas horas.<\/p>\n<p style=\"text-align: justify;\">\n<p dir=\"ltr\" style=\"text-align: justify;\">\nGracias a la denuncia oportuna, la Fiscal\u00eda de Oaxaca tiene la posibilidad de realizar actos de investigaci\u00f3n de manera inmediata para resolver este tipo de delitos.<\/p>\n","protected":false},"author":3,"featured_media":3175,"comment_status":"closed","ping_status":"closed","template":"","tags":[],"categoria_noticias":[],"class_list":["post-15826","noticias","type-noticias","status-publish","has-post-thumbnail","hentry"],"acf":[],"mb":[],"mfb_rest_fields":["title","gutenberg_elementor_mode"],"_links":{"self":[{"href":"https:\/\/portal.fgeo.gob.mx\/index.php\/wp-json\/wp\/v2\/noticias\/15826","targetHints":{"allow":["GET"]}}],"collection":[{"href":"https:\/\/portal.fgeo.gob.mx\/index.php\/wp-json\/wp\/v2\/noticias"}],"about":[{"href":"https:\/\/portal.fgeo.gob.mx\/index.php\/wp-json\/wp\/v2\/types\/noticias"}],"author":[{"embeddable":true,"href":"https:\/\/portal.fgeo.gob.mx\/index.php\/wp-json\/wp\/v2\/users\/3"}],"replies":[{"embeddable":true,"href":"https:\/\/portal.fgeo.gob.mx\/index.php\/wp-json\/wp\/v2\/comments?post=15826"}],"wp:featuredmedia":[{"embeddable":true,"href":"https:\/\/portal.fgeo.gob.mx\/index.php\/wp-json\/"}],"wp:attachment":[{"href":"https:\/\/portal.fgeo.gob.mx\/index.php\/wp-json\/wp\/v2\/media?parent=15826"}],"wp:term":[{"taxonomy":"post_tag","embeddable":true,"href":"https:\/\/portal.fgeo.gob.mx\/index.php\/wp-json\/wp\/v2\/tags?post=15826"},{"taxonomy":"categoria_noticias","embeddable":true,"href":"https:\/\/portal.fgeo.gob.mx\/index.php\/wp-json\/wp\/v2\/categoria_noticias?post=15826"}],"curies":[{"name":"wp","href":"https:\/\/api.w.org\/{rel}","templated":true}]}}