{"id":15825,"date":"2023-09-04T10:34:42","date_gmt":"2023-10-26T16:34:42","guid":{"rendered":"https:\/\/fge.oaxaca.gob.mx\/?post_type=noticias&amp;p=5381"},"modified":"2023-09-04T10:34:42","modified_gmt":"2023-10-26T16:34:42","slug":"realiza-aei-ultimo-pase-de-lista-y-reconocimiento-a-ocho-elementos-que-alcanzaron-beneficio-de-jubilacion","status":"publish","type":"noticias","link":"https:\/\/portal.fgeo.gob.mx\/index.php\/archivos\/noticias\/realiza-aei-ultimo-pase-de-lista-y-reconocimiento-a-ocho-elementos-que-alcanzaron-beneficio-de-jubilacion","title":{"rendered":"Realiza AEI \u00faltimo pase de lista y reconocimiento a ocho elementos que alcanzaron beneficio de jubilaci\u00f3n"},"content":{"rendered":"<p dir=\"ltr\" style=\"text-align: justify;\">\n    <b>Oaxaca de Ju\u00e1rez, Oax., a 04 de septiembre de 2023.- <\/b>Tras m\u00e1s de 30 a\u00f1os de servicio como elementos de la Agencia Estatal de Investigaciones, ocho servidores p\u00fablicos fueron reconocidos por el Coordinador de la AEI, Jaciel Salvador V\u00e1squez Castro, en el marco de su jubilaci\u00f3n.<\/p>\n<p style=\"text-align: justify;\">\n<p dir=\"ltr\" style=\"text-align: justify;\">\nEn el \u00faltimo pase de lista para Rosal\u00eda Santos Molina, Pedro Garc\u00eda Z\u00fa\u00f1iga, Mario Sierra Rojas, Mario Santiago Sanjuan, Jorge Mendoza Su\u00e1rez, Artemio Rogelio Zaragoza Palacios, An\u00edbal L\u00f3pez Fuentes y Omar V\u00e1squez Valenzuela, el Coordinador General resalt\u00f3 el aporte brindado a la sociedad en materia de procuraci\u00f3n de justicia.<\/p>\n<p style=\"text-align: justify;\">\n<p dir=\"ltr\" style=\"text-align: justify;\">\nAs\u00ed tambi\u00e9n, refrend\u00f3 el compromiso de la instituci\u00f3n para con el cumplimiento de las obligaciones laborales, que incluyen los procesos de jubilaci\u00f3n para los elementos de la Agencia Estatal de Investigaciones, de acuerdo con lo establecido por la ley vigente.<\/p>\n<p style=\"text-align: justify;\">\n<p dir=\"ltr\" style=\"text-align: justify;\">\nDe la misma forma, resalt\u00f3 la labor que durante a\u00f1os brindaron la y los elementos a la AEI, que permiti\u00f3 integrar investigaciones y procurar justicia, por lo que con un reconocimiento despidi\u00f3 a la y los servidores p\u00fablicos que alcanzaron dicho beneficio.<\/p>\n","protected":false},"author":3,"featured_media":3175,"comment_status":"closed","ping_status":"closed","template":"","tags":[],"categoria_noticias":[],"class_list":["post-15825","noticias","type-noticias","status-publish","has-post-thumbnail","hentry"],"acf":[],"mb":[],"mfb_rest_fields":["title","gutenberg_elementor_mode"],"_links":{"self":[{"href":"https:\/\/portal.fgeo.gob.mx\/index.php\/wp-json\/wp\/v2\/noticias\/15825","targetHints":{"allow":["GET"]}}],"collection":[{"href":"https:\/\/portal.fgeo.gob.mx\/index.php\/wp-json\/wp\/v2\/noticias"}],"about":[{"href":"https:\/\/portal.fgeo.gob.mx\/index.php\/wp-json\/wp\/v2\/types\/noticias"}],"author":[{"embeddable":true,"href":"https:\/\/portal.fgeo.gob.mx\/index.php\/wp-json\/wp\/v2\/users\/3"}],"replies":[{"embeddable":true,"href":"https:\/\/portal.fgeo.gob.mx\/index.php\/wp-json\/wp\/v2\/comments?post=15825"}],"wp:featuredmedia":[{"embeddable":true,"href":"https:\/\/portal.fgeo.gob.mx\/index.php\/wp-json\/"}],"wp:attachment":[{"href":"https:\/\/portal.fgeo.gob.mx\/index.php\/wp-json\/wp\/v2\/media?parent=15825"}],"wp:term":[{"taxonomy":"post_tag","embeddable":true,"href":"https:\/\/portal.fgeo.gob.mx\/index.php\/wp-json\/wp\/v2\/tags?post=15825"},{"taxonomy":"categoria_noticias","embeddable":true,"href":"https:\/\/portal.fgeo.gob.mx\/index.php\/wp-json\/wp\/v2\/categoria_noticias?post=15825"}],"curies":[{"name":"wp","href":"https:\/\/api.w.org\/{rel}","templated":true}]}}