{"id":15824,"date":"2023-09-03T10:32:39","date_gmt":"2023-10-26T16:32:39","guid":{"rendered":"https:\/\/fge.oaxaca.gob.mx\/?post_type=noticias&amp;p=5380"},"modified":"2023-09-03T10:32:39","modified_gmt":"2023-10-26T16:32:39","slug":"queda-en-prision-y-vinculado-a-proceso-imputado-por-violacion-de-adolescente-fiscalia-de-oaxaca","status":"publish","type":"noticias","link":"https:\/\/portal.fgeo.gob.mx\/index.php\/archivos\/noticias\/queda-en-prision-y-vinculado-a-proceso-imputado-por-violacion-de-adolescente-fiscalia-de-oaxaca","title":{"rendered":"Queda en prisi\u00f3n y vinculado a proceso, imputado por violaci\u00f3n de adolescente: Fiscal\u00eda de Oaxaca"},"content":{"rendered":"<p dir=\"ltr\" style=\"text-align: justify;\">\n    <b>Oaxaca de Ju\u00e1rez, Oax., a 03 de septiembre de 2023.- <\/b>El trabajo con perspectiva de g\u00e9nero que realiza la Fiscal\u00eda General del Estado de Oaxaca (FGEO) dio como resultado la vinculaci\u00f3n a proceso de J. J. C., persona del sexo masculino imputada por el delito de Violaci\u00f3n Agravada cometida en agravio de una adolescente, en la regi\u00f3n de la Cuenca del Papaloapan.<\/p>\n<p style=\"text-align: justify;\">\n<p dir=\"ltr\" style=\"text-align: justify;\">\nDe acuerdo con la causa penal del caso, los hechos sucedieron el 10 de mayo de 2023, cuando la v\u00edctima se encontraba en un domicilio particular localizado en la Secci\u00f3n Cuarta del municipio de San Lucas Ojitl\u00e1n.\n<\/p>\n<p style=\"text-align: justify;\">\n<p dir=\"ltr\" style=\"text-align: justify;\">\nEn el sitio, la adolescente sufri\u00f3 una agresi\u00f3n sexual que, de acuerdo con el C\u00f3digo Penal Vigente del Estado de Oaxaca, se configura en la comisi\u00f3n del delito de Violaci\u00f3n Agravada.<\/p>\n<p style=\"text-align: justify;\">\n<p dir=\"ltr\" style=\"text-align: justify;\">\nLa FGEO tom\u00f3 conocimiento de los hechos a partir de la denuncia realizada por la v\u00edctima, con el apoyo de su familia, por lo que se iniciaron las investigaciones correspondientes que corren a cargo de la Vicefiscal\u00eda Regional de la Cuenca que obtuvo la orden de aprehensi\u00f3n por la que fue posible la captura del imputado.<\/p>\n<p style=\"text-align: justify;\">\n<p dir=\"ltr\" style=\"text-align: justify;\">\nTras la detenci\u00f3n de J. J. C., este fue presentado ante el Juez que atiende la causa, quien evalu\u00f3 los datos de prueba aportados por el Ministerio P\u00fablico y dict\u00f3 auto de vinculaci\u00f3n a proceso en su contra por le delito de Violaci\u00f3n Agravada, por lo que impuso prisi\u00f3n preventiva como medida cautelar y otorg\u00f3 un mes u medio para el cierre de la investigaci\u00f3n.<\/p>\n<p style=\"text-align: justify;\">\n<p dir=\"ltr\" style=\"text-align: justify;\">\nLa Fiscal\u00eda de Oaxaca cuenta con equipos especializados que realizan labores ministeriales apegados a la perspectiva de g\u00e9nero, lo cual hace posible que las v\u00edctimas tengan una atenci\u00f3n integral y acompa\u00f1amiento en el proceso de procuraci\u00f3n de justicia.<\/p>\n","protected":false},"author":3,"featured_media":3175,"comment_status":"closed","ping_status":"closed","template":"","tags":[],"categoria_noticias":[],"class_list":["post-15824","noticias","type-noticias","status-publish","has-post-thumbnail","hentry"],"acf":[],"mb":[],"mfb_rest_fields":["title","gutenberg_elementor_mode"],"_links":{"self":[{"href":"https:\/\/portal.fgeo.gob.mx\/index.php\/wp-json\/wp\/v2\/noticias\/15824","targetHints":{"allow":["GET"]}}],"collection":[{"href":"https:\/\/portal.fgeo.gob.mx\/index.php\/wp-json\/wp\/v2\/noticias"}],"about":[{"href":"https:\/\/portal.fgeo.gob.mx\/index.php\/wp-json\/wp\/v2\/types\/noticias"}],"author":[{"embeddable":true,"href":"https:\/\/portal.fgeo.gob.mx\/index.php\/wp-json\/wp\/v2\/users\/3"}],"replies":[{"embeddable":true,"href":"https:\/\/portal.fgeo.gob.mx\/index.php\/wp-json\/wp\/v2\/comments?post=15824"}],"wp:featuredmedia":[{"embeddable":true,"href":"https:\/\/portal.fgeo.gob.mx\/index.php\/wp-json\/"}],"wp:attachment":[{"href":"https:\/\/portal.fgeo.gob.mx\/index.php\/wp-json\/wp\/v2\/media?parent=15824"}],"wp:term":[{"taxonomy":"post_tag","embeddable":true,"href":"https:\/\/portal.fgeo.gob.mx\/index.php\/wp-json\/wp\/v2\/tags?post=15824"},{"taxonomy":"categoria_noticias","embeddable":true,"href":"https:\/\/portal.fgeo.gob.mx\/index.php\/wp-json\/wp\/v2\/categoria_noticias?post=15824"}],"curies":[{"name":"wp","href":"https:\/\/api.w.org\/{rel}","templated":true}]}}